{"id":10164,"date":"2026-04-26T22:44:32","date_gmt":"2026-04-26T20:44:32","guid":{"rendered":"https:\/\/www.ff-weppersdorf.at\/web\/?p=10164"},"modified":"2026-04-27T22:45:32","modified_gmt":"2026-04-27T20:45:32","slug":"20260426_florianiwandertag-in-weppersdorf","status":"publish","type":"post","link":"https:\/\/www.ff-weppersdorf.at\/web\/20260426_florianiwandertag-in-weppersdorf\/","title":{"rendered":"Rund 1.000 Wanderlustige beim Florianiwandertag"},"content":{"rendered":"<div class=\"fusion-fullwidth fullwidth-box fusion-builder-row-1 hundred-percent-fullwidth non-hundred-percent-height-scrolling\" style=\"--awb-border-radius-top-left:0px;--awb-border-radius-top-right:0px;--awb-border-radius-bottom-right:0px;--awb-border-radius-bottom-left:0px;--awb-overflow:visible;--awb-flex-wrap:wrap;\" ><div class=\"fusion-builder-row fusion-row\"><div class=\"fusion-layout-column fusion_builder_column fusion-builder-column-0 fusion_builder_column_1_1 1_1 fusion-one-full fusion-column-first fusion-column-last fusion-column-no-min-height\" style=\"--awb-bg-size:cover;--awb-margin-bottom:0px;\"><div class=\"fusion-column-wrapper fusion-flex-column-wrapper-legacy\"><div class=\"fusion-text fusion-text-1\" style=\"--awb-text-transform:none;\"><p>Die Feuerwehr-Einsatzstiefel wurden am Sonntag im Bezirk Oberpullendorf gegen die Wanderschuhe getauscht. Denn in Weppersdorf fand der 52. Bezirks-Florianiwandertag statt. Bei bestem Wanderwetter und somit idealen Bedingungen folgten rund 1.000 Wanderlustige aus dem ganzen Bezirk Oberpullendorf und den Nachbarbezirken der Einladung des Bezirksfeuerwehrkommandos Oberpullendorf sowie der Freiwilligen Feuerwehr Weppersdorf, um die sch\u00f6ne Gegend rund um Weppersdorf auf der knapp 11 Kilometer langen Wanderstrecke zu erkunden.<\/p>\n<p>Feuerwehrkommandant OBI Klaus Kallinger konnte neben Bezirksfeuerwehrkommandant und Landesfeuerwehrkommandantstellvertreter LBDS Martin Reidl und dessen Bezirksstab auch Landesrat Heinrich Dorner, Landesfeuerwehrdirektor Sven Karner, Landtagsabgeordneter J\u00fcrgen Karall, B\u00fcrgermeister Manfred Degendorfer und Vizeb\u00fcrgermeister Marcel Gei\u00dfler begr\u00fc\u00dfen, ebenso wie zahlreiche B\u00fcrgermeister aus dem Bezirk.<\/p>\n<p>Die Wanderstrecke f\u00fchrte vom Feuerwehrhaus Weppersdorf vorbei am Sportplatz durch die Wolfsgrube Richtung Lackenbach, wo sich die Wandergruppen bei der ersten Labstation st\u00e4rken konnten. Anschlie\u00dfend ging es zur\u00fcck in Richtung Weppersdorf entlang von sch\u00f6nen Feldern und Wiesen zur Hubertuskapelle im Gemeindewald von Weppersdorf. Bei der Mittelstation gab es auch warme Speisen zur St\u00e4rkung. Durch den Wald schl\u00e4ngelte sich der Wanderweg dann in Richtung Tschurndorf, und weiter Richtung Hochwasserr\u00fcckhaltebecken, wo man sich eine letzte St\u00e4rkung vor dem Finale der Wanderung holen konnte. Schlussendlich kamen nach rund 11 Kilometern alle Wanderer wieder zur\u00fcck ins Feuerwehrhaus, wo als Erinnerung eine Wandertroph\u00e4e in Form eines Glases wartete. Die gr\u00f6\u00dften Wandergruppen kamen in diesem Jahr aus Glash\u00fctten, Neudorf bei Landsee und Oberpullendorf.<\/p>\n<p><em><strong>Wir bedanken uns bei allen Besuchern und Wanderern f\u00fcr die Teilnahme und damit auch Unterst\u00fctzung sowohl des Bezirksfeuerwehrkommandos Oberpullendorf und der Freiwilligen Feuerwehr Weppersdorf!\u00a0<\/strong><\/em><\/p>\n<p>Bericht des <a href=\"https:\/\/www.bfkdo-op.at\/2026\/04\/52-bezirks-florianiwandertag-in-weppersdorf-ein-voller-erfolg\/\" target=\"_blank\" rel=\"noopener\">Bezirksfeuerwehrkommandos Oberpullendorf<\/a><\/p>\n<p>weitere <a href=\"https:\/\/photos.app.goo.gl\/227U5KPC3KE4VhxA6\" target=\"_blank\" rel=\"noopener\">Bilder des Bezirksfeuerwehrkommandos Oberpullendorf<\/a><\/p>\n<\/div><div class=\"fusion-sep-clear\"><\/div><div class=\"fusion-separator fusion-full-width-sep\" style=\"margin-left: auto;margin-right: auto;width:100%;\"><\/div><div class=\"fusion-sep-clear\"><\/div><div class=\"fusion-clearfix\"><\/div><\/div><\/div><div class=\"fusion-layout-column fusion_builder_column fusion-builder-column-1 fusion_builder_column_1_1 1_1 fusion-one-full fusion-column-first fusion-column-last fusion-column-no-min-height\" style=\"--awb-bg-size:cover;--awb-margin-bottom:0px;\"><div class=\"fusion-column-wrapper fusion-flex-column-wrapper-legacy\"><div class=\"fusion-title title fusion-title-1 fusion-title-text fusion-title-size-three\" style=\"--awb-margin-top-small:10px;--awb-margin-right-small:0px;--awb-margin-bottom-small:10px;--awb-margin-left-small:0px;\"><h3 class=\"fusion-title-heading title-heading-left\" style=\"margin:0;\">Bilder<\/h3><span class=\"awb-title-spacer\"><\/span><div class=\"title-sep-container\"><div class=\"title-sep sep-double sep-solid\" style=\"border-color:#e0dede;\"><\/div><\/div><\/div><div class=\"fusion-text fusion-text-2\" style=\"--awb-text-transform:none;\">\n\t\t<style type=\"text\/css\">\n\t\t\t#gallery-1 {\n\t\t\t\tmargin: auto;\n\t\t\t}\n\t\t\t#gallery-1 .gallery-item {\n\t\t\t\tfloat: left;\n\t\t\t\tmargin-top: 10px;\n\t\t\t\ttext-align: center;\n\t\t\t\twidth: 25%;\n\t\t\t}\n\t\t\t#gallery-1 img {\n\t\t\t\tborder: 2px solid #cfcfcf;\n\t\t\t}\n\t\t\t#gallery-1 .gallery-caption {\n\t\t\t\tmargin-left: 0;\n\t\t\t}\n\t\t\t\/* see gallery_shortcode() in wp-includes\/media.php *\/\n\t\t<\/style>\n\t\t<div id='gallery-1' class='gallery galleryid-10164 gallery-columns-4 gallery-size-thumbnail'><dl class='gallery-item'>\n\t\t\t<dt class='gallery-icon landscape'>\n\t\t\t\t<a data-rel=\"iLightbox[postimages]\" data-title=\"florianiwandertag_002\" data-caption=\"\" href='https:\/\/www.ff-weppersdorf.at\/web\/wp-content\/uploads\/2026\/04\/florianiwandertag_002.jpg'><img decoding=\"async\" width=\"128\" height=\"85\" src=\"https:\/\/www.ff-weppersdorf.at\/web\/wp-content\/uploads\/2026\/04\/florianiwandertag_002.jpg\" class=\"attachment-thumbnail size-thumbnail lazyload\" alt=\"\" srcset=\"data:image\/svg+xml,%3Csvg%20xmlns%3D%27http%3A%2F%2Fwww.w3.org%2F2000%2Fsvg%27%20width%3D%271800%27%20height%3D%271200%27%20viewBox%3D%270%200%201800%201200%27%3E%3Crect%20width%3D%271800%27%20height%3D%271200%27%20fill-opacity%3D%220%22%2F%3E%3C%2Fsvg%3E\" data-orig-src=\"https:\/\/www.ff-weppersdorf.at\/web\/wp-content\/uploads\/2026\/04\/florianiwandertag_002.jpg\" data-srcset=\"https:\/\/www.ff-weppersdorf.at\/web\/wp-content\/uploads\/2026\/04\/florianiwandertag_002-200x133.jpg 200w, https:\/\/www.ff-weppersdorf.at\/web\/wp-content\/uploads\/2026\/04\/florianiwandertag_002-400x267.jpg 400w, https:\/\/www.ff-weppersdorf.at\/web\/wp-content\/uploads\/2026\/04\/florianiwandertag_002-600x400.jpg 600w, https:\/\/www.ff-weppersdorf.at\/web\/wp-content\/uploads\/2026\/04\/florianiwandertag_002-768x512.jpg 768w, https:\/\/www.ff-weppersdorf.at\/web\/wp-content\/uploads\/2026\/04\/florianiwandertag_002-800x533.jpg 800w, https:\/\/www.ff-weppersdorf.at\/web\/wp-content\/uploads\/2026\/04\/florianiwandertag_002-1200x800.jpg 1200w, https:\/\/www.ff-weppersdorf.at\/web\/wp-content\/uploads\/2026\/04\/florianiwandertag_002-1536x1024.jpg 1536w, https:\/\/www.ff-weppersdorf.at\/web\/wp-content\/uploads\/2026\/04\/florianiwandertag_002.jpg 1800w\" data-sizes=\"auto\" \/><\/a>\n\t\t\t<\/dt><\/dl><dl class='gallery-item'>\n\t\t\t<dt class='gallery-icon landscape'>\n\t\t\t\t<a data-rel=\"iLightbox[postimages]\" data-title=\"florianiwandertag_003\" data-caption=\"\" href='https:\/\/www.ff-weppersdorf.at\/web\/wp-content\/uploads\/2026\/04\/florianiwandertag_003.jpg'><img decoding=\"async\" width=\"128\" height=\"85\" src=\"https:\/\/www.ff-weppersdorf.at\/web\/wp-content\/uploads\/2026\/04\/florianiwandertag_003.jpg\" class=\"attachment-thumbnail size-thumbnail lazyload\" alt=\"\" srcset=\"data:image\/svg+xml,%3Csvg%20xmlns%3D%27http%3A%2F%2Fwww.w3.org%2F2000%2Fsvg%27%20width%3D%271800%27%20height%3D%271200%27%20viewBox%3D%270%200%201800%201200%27%3E%3Crect%20width%3D%271800%27%20height%3D%271200%27%20fill-opacity%3D%220%22%2F%3E%3C%2Fsvg%3E\" data-orig-src=\"https:\/\/www.ff-weppersdorf.at\/web\/wp-content\/uploads\/2026\/04\/florianiwandertag_003.jpg\" data-srcset=\"https:\/\/www.ff-weppersdorf.at\/web\/wp-content\/uploads\/2026\/04\/florianiwandertag_003-200x133.jpg 200w, https:\/\/www.ff-weppersdorf.at\/web\/wp-content\/uploads\/2026\/04\/florianiwandertag_003-400x267.jpg 400w, https:\/\/www.ff-weppersdorf.at\/web\/wp-content\/uploads\/2026\/04\/florianiwandertag_003-600x400.jpg 600w, https:\/\/www.ff-weppersdorf.at\/web\/wp-content\/uploads\/2026\/04\/florianiwandertag_003-768x512.jpg 768w, https:\/\/www.ff-weppersdorf.at\/web\/wp-content\/uploads\/2026\/04\/florianiwandertag_003-800x533.jpg 800w, https:\/\/www.ff-weppersdorf.at\/web\/wp-content\/uploads\/2026\/04\/florianiwandertag_003-1200x800.jpg 1200w, https:\/\/www.ff-weppersdorf.at\/web\/wp-content\/uploads\/2026\/04\/florianiwandertag_003-1536x1024.jpg 1536w, https:\/\/www.ff-weppersdorf.at\/web\/wp-content\/uploads\/2026\/04\/florianiwandertag_003.jpg 1800w\" data-sizes=\"auto\" \/><\/a>\n\t\t\t<\/dt><\/dl><dl class='gallery-item'>\n\t\t\t<dt class='gallery-icon landscape'>\n\t\t\t\t<a data-rel=\"iLightbox[postimages]\" data-title=\"florianiwandertag_004\" data-caption=\"\" href='https:\/\/www.ff-weppersdorf.at\/web\/wp-content\/uploads\/2026\/04\/florianiwandertag_004.jpg'><img decoding=\"async\" width=\"128\" height=\"85\" src=\"https:\/\/www.ff-weppersdorf.at\/web\/wp-content\/uploads\/2026\/04\/florianiwandertag_004.jpg\" class=\"attachment-thumbnail size-thumbnail lazyload\" alt=\"\" srcset=\"data:image\/svg+xml,%3Csvg%20xmlns%3D%27http%3A%2F%2Fwww.w3.org%2F2000%2Fsvg%27%20width%3D%271800%27%20height%3D%271200%27%20viewBox%3D%270%200%201800%201200%27%3E%3Crect%20width%3D%271800%27%20height%3D%271200%27%20fill-opacity%3D%220%22%2F%3E%3C%2Fsvg%3E\" data-orig-src=\"https:\/\/www.ff-weppersdorf.at\/web\/wp-content\/uploads\/2026\/04\/florianiwandertag_004.jpg\" data-srcset=\"https:\/\/www.ff-weppersdorf.at\/web\/wp-content\/uploads\/2026\/04\/florianiwandertag_004-200x133.jpg 200w, https:\/\/www.ff-weppersdorf.at\/web\/wp-content\/uploads\/2026\/04\/florianiwandertag_004-400x267.jpg 400w, https:\/\/www.ff-weppersdorf.at\/web\/wp-content\/uploads\/2026\/04\/florianiwandertag_004-600x400.jpg 600w, https:\/\/www.ff-weppersdorf.at\/web\/wp-content\/uploads\/2026\/04\/florianiwandertag_004-768x512.jpg 768w, https:\/\/www.ff-weppersdorf.at\/web\/wp-content\/uploads\/2026\/04\/florianiwandertag_004-800x533.jpg 800w, https:\/\/www.ff-weppersdorf.at\/web\/wp-content\/uploads\/2026\/04\/florianiwandertag_004-1200x800.jpg 1200w, https:\/\/www.ff-weppersdorf.at\/web\/wp-content\/uploads\/2026\/04\/florianiwandertag_004-1536x1024.jpg 1536w, https:\/\/www.ff-weppersdorf.at\/web\/wp-content\/uploads\/2026\/04\/florianiwandertag_004.jpg 1800w\" data-sizes=\"auto\" \/><\/a>\n\t\t\t<\/dt><\/dl><dl class='gallery-item'>\n\t\t\t<dt class='gallery-icon landscape'>\n\t\t\t\t<a data-rel=\"iLightbox[postimages]\" data-title=\"florianiwandertag_005\" data-caption=\"\" href='https:\/\/www.ff-weppersdorf.at\/web\/wp-content\/uploads\/2026\/04\/florianiwandertag_005.jpg'><img decoding=\"async\" width=\"128\" height=\"85\" src=\"https:\/\/www.ff-weppersdorf.at\/web\/wp-content\/uploads\/2026\/04\/florianiwandertag_005.jpg\" class=\"attachment-thumbnail size-thumbnail lazyload\" alt=\"\" srcset=\"data:image\/svg+xml,%3Csvg%20xmlns%3D%27http%3A%2F%2Fwww.w3.org%2F2000%2Fsvg%27%20width%3D%271800%27%20height%3D%271200%27%20viewBox%3D%270%200%201800%201200%27%3E%3Crect%20width%3D%271800%27%20height%3D%271200%27%20fill-opacity%3D%220%22%2F%3E%3C%2Fsvg%3E\" data-orig-src=\"https:\/\/www.ff-weppersdorf.at\/web\/wp-content\/uploads\/2026\/04\/florianiwandertag_005.jpg\" data-srcset=\"https:\/\/www.ff-weppersdorf.at\/web\/wp-content\/uploads\/2026\/04\/florianiwandertag_005-200x133.jpg 200w, https:\/\/www.ff-weppersdorf.at\/web\/wp-content\/uploads\/2026\/04\/florianiwandertag_005-400x267.jpg 400w, https:\/\/www.ff-weppersdorf.at\/web\/wp-content\/uploads\/2026\/04\/florianiwandertag_005-600x400.jpg 600w, https:\/\/www.ff-weppersdorf.at\/web\/wp-content\/uploads\/2026\/04\/florianiwandertag_005-768x512.jpg 768w, https:\/\/www.ff-weppersdorf.at\/web\/wp-content\/uploads\/2026\/04\/florianiwandertag_005-800x533.jpg 800w, https:\/\/www.ff-weppersdorf.at\/web\/wp-content\/uploads\/2026\/04\/florianiwandertag_005-1200x800.jpg 1200w, https:\/\/www.ff-weppersdorf.at\/web\/wp-content\/uploads\/2026\/04\/florianiwandertag_005-1536x1024.jpg 1536w, https:\/\/www.ff-weppersdorf.at\/web\/wp-content\/uploads\/2026\/04\/florianiwandertag_005.jpg 1800w\" data-sizes=\"auto\" \/><\/a>\n\t\t\t<\/dt><\/dl><br style=\"clear: both\" \/><dl class='gallery-item'>\n\t\t\t<dt class='gallery-icon landscape'>\n\t\t\t\t<a data-rel=\"iLightbox[postimages]\" data-title=\"florianiwandertag_006\" data-caption=\"\" href='https:\/\/www.ff-weppersdorf.at\/web\/wp-content\/uploads\/2026\/04\/florianiwandertag_006.jpg'><img decoding=\"async\" width=\"128\" height=\"85\" src=\"https:\/\/www.ff-weppersdorf.at\/web\/wp-content\/uploads\/2026\/04\/florianiwandertag_006.jpg\" class=\"attachment-thumbnail size-thumbnail lazyload\" alt=\"\" srcset=\"data:image\/svg+xml,%3Csvg%20xmlns%3D%27http%3A%2F%2Fwww.w3.org%2F2000%2Fsvg%27%20width%3D%271800%27%20height%3D%271200%27%20viewBox%3D%270%200%201800%201200%27%3E%3Crect%20width%3D%271800%27%20height%3D%271200%27%20fill-opacity%3D%220%22%2F%3E%3C%2Fsvg%3E\" data-orig-src=\"https:\/\/www.ff-weppersdorf.at\/web\/wp-content\/uploads\/2026\/04\/florianiwandertag_006.jpg\" data-srcset=\"https:\/\/www.ff-weppersdorf.at\/web\/wp-content\/uploads\/2026\/04\/florianiwandertag_006-200x133.jpg 200w, https:\/\/www.ff-weppersdorf.at\/web\/wp-content\/uploads\/2026\/04\/florianiwandertag_006-400x267.jpg 400w, https:\/\/www.ff-weppersdorf.at\/web\/wp-content\/uploads\/2026\/04\/florianiwandertag_006-600x400.jpg 600w, https:\/\/www.ff-weppersdorf.at\/web\/wp-content\/uploads\/2026\/04\/florianiwandertag_006-768x512.jpg 768w, https:\/\/www.ff-weppersdorf.at\/web\/wp-content\/uploads\/2026\/04\/florianiwandertag_006-800x533.jpg 800w, https:\/\/www.ff-weppersdorf.at\/web\/wp-content\/uploads\/2026\/04\/florianiwandertag_006-1200x800.jpg 1200w, https:\/\/www.ff-weppersdorf.at\/web\/wp-content\/uploads\/2026\/04\/florianiwandertag_006-1536x1024.jpg 1536w, https:\/\/www.ff-weppersdorf.at\/web\/wp-content\/uploads\/2026\/04\/florianiwandertag_006.jpg 1800w\" data-sizes=\"auto\" \/><\/a>\n\t\t\t<\/dt><\/dl><dl class='gallery-item'>\n\t\t\t<dt class='gallery-icon landscape'>\n\t\t\t\t<a data-rel=\"iLightbox[postimages]\" data-title=\"florianiwandertag_007\" data-caption=\"\" href='https:\/\/www.ff-weppersdorf.at\/web\/wp-content\/uploads\/2026\/04\/florianiwandertag_007.jpg'><img decoding=\"async\" width=\"128\" height=\"85\" src=\"https:\/\/www.ff-weppersdorf.at\/web\/wp-content\/uploads\/2026\/04\/florianiwandertag_007.jpg\" class=\"attachment-thumbnail size-thumbnail lazyload\" alt=\"\" srcset=\"data:image\/svg+xml,%3Csvg%20xmlns%3D%27http%3A%2F%2Fwww.w3.org%2F2000%2Fsvg%27%20width%3D%271800%27%20height%3D%271200%27%20viewBox%3D%270%200%201800%201200%27%3E%3Crect%20width%3D%271800%27%20height%3D%271200%27%20fill-opacity%3D%220%22%2F%3E%3C%2Fsvg%3E\" data-orig-src=\"https:\/\/www.ff-weppersdorf.at\/web\/wp-content\/uploads\/2026\/04\/florianiwandertag_007.jpg\" data-srcset=\"https:\/\/www.ff-weppersdorf.at\/web\/wp-content\/uploads\/2026\/04\/florianiwandertag_007-200x133.jpg 200w, https:\/\/www.ff-weppersdorf.at\/web\/wp-content\/uploads\/2026\/04\/florianiwandertag_007-400x267.jpg 400w, https:\/\/www.ff-weppersdorf.at\/web\/wp-content\/uploads\/2026\/04\/florianiwandertag_007-600x400.jpg 600w, https:\/\/www.ff-weppersdorf.at\/web\/wp-content\/uploads\/2026\/04\/florianiwandertag_007-768x512.jpg 768w, https:\/\/www.ff-weppersdorf.at\/web\/wp-content\/uploads\/2026\/04\/florianiwandertag_007-800x533.jpg 800w, https:\/\/www.ff-weppersdorf.at\/web\/wp-content\/uploads\/2026\/04\/florianiwandertag_007-1200x800.jpg 1200w, https:\/\/www.ff-weppersdorf.at\/web\/wp-content\/uploads\/2026\/04\/florianiwandertag_007-1536x1024.jpg 1536w, https:\/\/www.ff-weppersdorf.at\/web\/wp-content\/uploads\/2026\/04\/florianiwandertag_007.jpg 1800w\" data-sizes=\"auto\" \/><\/a>\n\t\t\t<\/dt><\/dl><dl class='gallery-item'>\n\t\t\t<dt class='gallery-icon landscape'>\n\t\t\t\t<a data-rel=\"iLightbox[postimages]\" data-title=\"florianiwandertag_008\" data-caption=\"\" href='https:\/\/www.ff-weppersdorf.at\/web\/wp-content\/uploads\/2026\/04\/florianiwandertag_008.jpg'><img decoding=\"async\" width=\"128\" height=\"85\" src=\"https:\/\/www.ff-weppersdorf.at\/web\/wp-content\/uploads\/2026\/04\/florianiwandertag_008.jpg\" class=\"attachment-thumbnail size-thumbnail lazyload\" alt=\"\" srcset=\"data:image\/svg+xml,%3Csvg%20xmlns%3D%27http%3A%2F%2Fwww.w3.org%2F2000%2Fsvg%27%20width%3D%271800%27%20height%3D%271200%27%20viewBox%3D%270%200%201800%201200%27%3E%3Crect%20width%3D%271800%27%20height%3D%271200%27%20fill-opacity%3D%220%22%2F%3E%3C%2Fsvg%3E\" data-orig-src=\"https:\/\/www.ff-weppersdorf.at\/web\/wp-content\/uploads\/2026\/04\/florianiwandertag_008.jpg\" data-srcset=\"https:\/\/www.ff-weppersdorf.at\/web\/wp-content\/uploads\/2026\/04\/florianiwandertag_008-200x133.jpg 200w, https:\/\/www.ff-weppersdorf.at\/web\/wp-content\/uploads\/2026\/04\/florianiwandertag_008-400x267.jpg 400w, https:\/\/www.ff-weppersdorf.at\/web\/wp-content\/uploads\/2026\/04\/florianiwandertag_008-600x400.jpg 600w, https:\/\/www.ff-weppersdorf.at\/web\/wp-content\/uploads\/2026\/04\/florianiwandertag_008-768x512.jpg 768w, https:\/\/www.ff-weppersdorf.at\/web\/wp-content\/uploads\/2026\/04\/florianiwandertag_008-800x533.jpg 800w, https:\/\/www.ff-weppersdorf.at\/web\/wp-content\/uploads\/2026\/04\/florianiwandertag_008-1200x800.jpg 1200w, https:\/\/www.ff-weppersdorf.at\/web\/wp-content\/uploads\/2026\/04\/florianiwandertag_008-1536x1024.jpg 1536w, https:\/\/www.ff-weppersdorf.at\/web\/wp-content\/uploads\/2026\/04\/florianiwandertag_008.jpg 1800w\" data-sizes=\"auto\" \/><\/a>\n\t\t\t<\/dt><\/dl><dl class='gallery-item'>\n\t\t\t<dt class='gallery-icon landscape'>\n\t\t\t\t<a data-rel=\"iLightbox[postimages]\" data-title=\"florianiwandertag_009\" data-caption=\"\" href='https:\/\/www.ff-weppersdorf.at\/web\/wp-content\/uploads\/2026\/04\/florianiwandertag_009.jpg'><img decoding=\"async\" width=\"128\" height=\"85\" src=\"https:\/\/www.ff-weppersdorf.at\/web\/wp-content\/uploads\/2026\/04\/florianiwandertag_009.jpg\" class=\"attachment-thumbnail size-thumbnail lazyload\" alt=\"\" srcset=\"data:image\/svg+xml,%3Csvg%20xmlns%3D%27http%3A%2F%2Fwww.w3.org%2F2000%2Fsvg%27%20width%3D%271800%27%20height%3D%271200%27%20viewBox%3D%270%200%201800%201200%27%3E%3Crect%20width%3D%271800%27%20height%3D%271200%27%20fill-opacity%3D%220%22%2F%3E%3C%2Fsvg%3E\" data-orig-src=\"https:\/\/www.ff-weppersdorf.at\/web\/wp-content\/uploads\/2026\/04\/florianiwandertag_009.jpg\" data-srcset=\"https:\/\/www.ff-weppersdorf.at\/web\/wp-content\/uploads\/2026\/04\/florianiwandertag_009-200x133.jpg 200w, https:\/\/www.ff-weppersdorf.at\/web\/wp-content\/uploads\/2026\/04\/florianiwandertag_009-400x267.jpg 400w, https:\/\/www.ff-weppersdorf.at\/web\/wp-content\/uploads\/2026\/04\/florianiwandertag_009-600x400.jpg 600w, https:\/\/www.ff-weppersdorf.at\/web\/wp-content\/uploads\/2026\/04\/florianiwandertag_009-768x512.jpg 768w, https:\/\/www.ff-weppersdorf.at\/web\/wp-content\/uploads\/2026\/04\/florianiwandertag_009-800x533.jpg 800w, https:\/\/www.ff-weppersdorf.at\/web\/wp-content\/uploads\/2026\/04\/florianiwandertag_009-1200x800.jpg 1200w, https:\/\/www.ff-weppersdorf.at\/web\/wp-content\/uploads\/2026\/04\/florianiwandertag_009-1536x1024.jpg 1536w, https:\/\/www.ff-weppersdorf.at\/web\/wp-content\/uploads\/2026\/04\/florianiwandertag_009.jpg 1800w\" data-sizes=\"auto\" \/><\/a>\n\t\t\t<\/dt><\/dl><br style=\"clear: both\" \/><dl class='gallery-item'>\n\t\t\t<dt class='gallery-icon landscape'>\n\t\t\t\t<a data-rel=\"iLightbox[postimages]\" data-title=\"florianiwandertag_010\" data-caption=\"\" href='https:\/\/www.ff-weppersdorf.at\/web\/wp-content\/uploads\/2026\/04\/florianiwandertag_010.jpg'><img decoding=\"async\" width=\"128\" height=\"85\" src=\"https:\/\/www.ff-weppersdorf.at\/web\/wp-content\/uploads\/2026\/04\/florianiwandertag_010.jpg\" class=\"attachment-thumbnail size-thumbnail lazyload\" alt=\"\" srcset=\"data:image\/svg+xml,%3Csvg%20xmlns%3D%27http%3A%2F%2Fwww.w3.org%2F2000%2Fsvg%27%20width%3D%271800%27%20height%3D%271200%27%20viewBox%3D%270%200%201800%201200%27%3E%3Crect%20width%3D%271800%27%20height%3D%271200%27%20fill-opacity%3D%220%22%2F%3E%3C%2Fsvg%3E\" data-orig-src=\"https:\/\/www.ff-weppersdorf.at\/web\/wp-content\/uploads\/2026\/04\/florianiwandertag_010.jpg\" data-srcset=\"https:\/\/www.ff-weppersdorf.at\/web\/wp-content\/uploads\/2026\/04\/florianiwandertag_010-200x133.jpg 200w, https:\/\/www.ff-weppersdorf.at\/web\/wp-content\/uploads\/2026\/04\/florianiwandertag_010-400x267.jpg 400w, https:\/\/www.ff-weppersdorf.at\/web\/wp-content\/uploads\/2026\/04\/florianiwandertag_010-600x400.jpg 600w, https:\/\/www.ff-weppersdorf.at\/web\/wp-content\/uploads\/2026\/04\/florianiwandertag_010-768x512.jpg 768w, https:\/\/www.ff-weppersdorf.at\/web\/wp-content\/uploads\/2026\/04\/florianiwandertag_010-800x533.jpg 800w, https:\/\/www.ff-weppersdorf.at\/web\/wp-content\/uploads\/2026\/04\/florianiwandertag_010-1200x800.jpg 1200w, https:\/\/www.ff-weppersdorf.at\/web\/wp-content\/uploads\/2026\/04\/florianiwandertag_010-1536x1024.jpg 1536w, https:\/\/www.ff-weppersdorf.at\/web\/wp-content\/uploads\/2026\/04\/florianiwandertag_010.jpg 1800w\" data-sizes=\"auto\" \/><\/a>\n\t\t\t<\/dt><\/dl><dl class='gallery-item'>\n\t\t\t<dt class='gallery-icon landscape'>\n\t\t\t\t<a data-rel=\"iLightbox[postimages]\" data-title=\"florianiwandertag_011\" data-caption=\"\" href='https:\/\/www.ff-weppersdorf.at\/web\/wp-content\/uploads\/2026\/04\/florianiwandertag_011.jpg'><img decoding=\"async\" width=\"128\" height=\"85\" src=\"https:\/\/www.ff-weppersdorf.at\/web\/wp-content\/uploads\/2026\/04\/florianiwandertag_011.jpg\" class=\"attachment-thumbnail size-thumbnail lazyload\" alt=\"\" srcset=\"data:image\/svg+xml,%3Csvg%20xmlns%3D%27http%3A%2F%2Fwww.w3.org%2F2000%2Fsvg%27%20width%3D%271800%27%20height%3D%271200%27%20viewBox%3D%270%200%201800%201200%27%3E%3Crect%20width%3D%271800%27%20height%3D%271200%27%20fill-opacity%3D%220%22%2F%3E%3C%2Fsvg%3E\" data-orig-src=\"https:\/\/www.ff-weppersdorf.at\/web\/wp-content\/uploads\/2026\/04\/florianiwandertag_011.jpg\" data-srcset=\"https:\/\/www.ff-weppersdorf.at\/web\/wp-content\/uploads\/2026\/04\/florianiwandertag_011-200x133.jpg 200w, https:\/\/www.ff-weppersdorf.at\/web\/wp-content\/uploads\/2026\/04\/florianiwandertag_011-400x267.jpg 400w, https:\/\/www.ff-weppersdorf.at\/web\/wp-content\/uploads\/2026\/04\/florianiwandertag_011-600x400.jpg 600w, https:\/\/www.ff-weppersdorf.at\/web\/wp-content\/uploads\/2026\/04\/florianiwandertag_011-768x512.jpg 768w, https:\/\/www.ff-weppersdorf.at\/web\/wp-content\/uploads\/2026\/04\/florianiwandertag_011-800x533.jpg 800w, https:\/\/www.ff-weppersdorf.at\/web\/wp-content\/uploads\/2026\/04\/florianiwandertag_011-1200x800.jpg 1200w, https:\/\/www.ff-weppersdorf.at\/web\/wp-content\/uploads\/2026\/04\/florianiwandertag_011-1536x1024.jpg 1536w, https:\/\/www.ff-weppersdorf.at\/web\/wp-content\/uploads\/2026\/04\/florianiwandertag_011.jpg 1800w\" data-sizes=\"auto\" \/><\/a>\n\t\t\t<\/dt><\/dl><dl class='gallery-item'>\n\t\t\t<dt class='gallery-icon landscape'>\n\t\t\t\t<a data-rel=\"iLightbox[postimages]\" data-title=\"florianiwandertag_012\" data-caption=\"\" href='https:\/\/www.ff-weppersdorf.at\/web\/wp-content\/uploads\/2026\/04\/florianiwandertag_012.jpg'><img decoding=\"async\" width=\"128\" height=\"85\" src=\"https:\/\/www.ff-weppersdorf.at\/web\/wp-content\/uploads\/2026\/04\/florianiwandertag_012.jpg\" class=\"attachment-thumbnail size-thumbnail lazyload\" alt=\"\" srcset=\"data:image\/svg+xml,%3Csvg%20xmlns%3D%27http%3A%2F%2Fwww.w3.org%2F2000%2Fsvg%27%20width%3D%271800%27%20height%3D%271200%27%20viewBox%3D%270%200%201800%201200%27%3E%3Crect%20width%3D%271800%27%20height%3D%271200%27%20fill-opacity%3D%220%22%2F%3E%3C%2Fsvg%3E\" data-orig-src=\"https:\/\/www.ff-weppersdorf.at\/web\/wp-content\/uploads\/2026\/04\/florianiwandertag_012.jpg\" data-srcset=\"https:\/\/www.ff-weppersdorf.at\/web\/wp-content\/uploads\/2026\/04\/florianiwandertag_012-200x133.jpg 200w, https:\/\/www.ff-weppersdorf.at\/web\/wp-content\/uploads\/2026\/04\/florianiwandertag_012-400x267.jpg 400w, https:\/\/www.ff-weppersdorf.at\/web\/wp-content\/uploads\/2026\/04\/florianiwandertag_012-600x400.jpg 600w, https:\/\/www.ff-weppersdorf.at\/web\/wp-content\/uploads\/2026\/04\/florianiwandertag_012-768x512.jpg 768w, https:\/\/www.ff-weppersdorf.at\/web\/wp-content\/uploads\/2026\/04\/florianiwandertag_012-800x533.jpg 800w, https:\/\/www.ff-weppersdorf.at\/web\/wp-content\/uploads\/2026\/04\/florianiwandertag_012-1200x800.jpg 1200w, https:\/\/www.ff-weppersdorf.at\/web\/wp-content\/uploads\/2026\/04\/florianiwandertag_012-1536x1024.jpg 1536w, https:\/\/www.ff-weppersdorf.at\/web\/wp-content\/uploads\/2026\/04\/florianiwandertag_012.jpg 1800w\" data-sizes=\"auto\" \/><\/a>\n\t\t\t<\/dt><\/dl><dl class='gallery-item'>\n\t\t\t<dt class='gallery-icon landscape'>\n\t\t\t\t<a data-rel=\"iLightbox[postimages]\" data-title=\"florianiwandertag_013\" data-caption=\"\" href='https:\/\/www.ff-weppersdorf.at\/web\/wp-content\/uploads\/2026\/04\/florianiwandertag_013.jpg'><img decoding=\"async\" width=\"128\" height=\"85\" src=\"https:\/\/www.ff-weppersdorf.at\/web\/wp-content\/uploads\/2026\/04\/florianiwandertag_013.jpg\" class=\"attachment-thumbnail size-thumbnail lazyload\" alt=\"\" srcset=\"data:image\/svg+xml,%3Csvg%20xmlns%3D%27http%3A%2F%2Fwww.w3.org%2F2000%2Fsvg%27%20width%3D%271800%27%20height%3D%271200%27%20viewBox%3D%270%200%201800%201200%27%3E%3Crect%20width%3D%271800%27%20height%3D%271200%27%20fill-opacity%3D%220%22%2F%3E%3C%2Fsvg%3E\" data-orig-src=\"https:\/\/www.ff-weppersdorf.at\/web\/wp-content\/uploads\/2026\/04\/florianiwandertag_013.jpg\" data-srcset=\"https:\/\/www.ff-weppersdorf.at\/web\/wp-content\/uploads\/2026\/04\/florianiwandertag_013-200x133.jpg 200w, https:\/\/www.ff-weppersdorf.at\/web\/wp-content\/uploads\/2026\/04\/florianiwandertag_013-400x267.jpg 400w, https:\/\/www.ff-weppersdorf.at\/web\/wp-content\/uploads\/2026\/04\/florianiwandertag_013-600x400.jpg 600w, https:\/\/www.ff-weppersdorf.at\/web\/wp-content\/uploads\/2026\/04\/florianiwandertag_013-768x512.jpg 768w, https:\/\/www.ff-weppersdorf.at\/web\/wp-content\/uploads\/2026\/04\/florianiwandertag_013-800x533.jpg 800w, https:\/\/www.ff-weppersdorf.at\/web\/wp-content\/uploads\/2026\/04\/florianiwandertag_013-1200x800.jpg 1200w, https:\/\/www.ff-weppersdorf.at\/web\/wp-content\/uploads\/2026\/04\/florianiwandertag_013-1536x1024.jpg 1536w, https:\/\/www.ff-weppersdorf.at\/web\/wp-content\/uploads\/2026\/04\/florianiwandertag_013.jpg 1800w\" data-sizes=\"auto\" \/><\/a>\n\t\t\t<\/dt><\/dl><br style=\"clear: both\" \/><dl class='gallery-item'>\n\t\t\t<dt class='gallery-icon landscape'>\n\t\t\t\t<a data-rel=\"iLightbox[postimages]\" data-title=\"florianiwandertag_014\" data-caption=\"\" href='https:\/\/www.ff-weppersdorf.at\/web\/wp-content\/uploads\/2026\/04\/florianiwandertag_014.jpg'><img decoding=\"async\" width=\"128\" height=\"85\" src=\"https:\/\/www.ff-weppersdorf.at\/web\/wp-content\/uploads\/2026\/04\/florianiwandertag_014.jpg\" class=\"attachment-thumbnail size-thumbnail lazyload\" alt=\"\" srcset=\"data:image\/svg+xml,%3Csvg%20xmlns%3D%27http%3A%2F%2Fwww.w3.org%2F2000%2Fsvg%27%20width%3D%271800%27%20height%3D%271200%27%20viewBox%3D%270%200%201800%201200%27%3E%3Crect%20width%3D%271800%27%20height%3D%271200%27%20fill-opacity%3D%220%22%2F%3E%3C%2Fsvg%3E\" data-orig-src=\"https:\/\/www.ff-weppersdorf.at\/web\/wp-content\/uploads\/2026\/04\/florianiwandertag_014.jpg\" data-srcset=\"https:\/\/www.ff-weppersdorf.at\/web\/wp-content\/uploads\/2026\/04\/florianiwandertag_014-200x133.jpg 200w, https:\/\/www.ff-weppersdorf.at\/web\/wp-content\/uploads\/2026\/04\/florianiwandertag_014-400x267.jpg 400w, https:\/\/www.ff-weppersdorf.at\/web\/wp-content\/uploads\/2026\/04\/florianiwandertag_014-600x400.jpg 600w, https:\/\/www.ff-weppersdorf.at\/web\/wp-content\/uploads\/2026\/04\/florianiwandertag_014-768x512.jpg 768w, https:\/\/www.ff-weppersdorf.at\/web\/wp-content\/uploads\/2026\/04\/florianiwandertag_014-800x533.jpg 800w, https:\/\/www.ff-weppersdorf.at\/web\/wp-content\/uploads\/2026\/04\/florianiwandertag_014-1200x800.jpg 1200w, https:\/\/www.ff-weppersdorf.at\/web\/wp-content\/uploads\/2026\/04\/florianiwandertag_014-1536x1024.jpg 1536w, https:\/\/www.ff-weppersdorf.at\/web\/wp-content\/uploads\/2026\/04\/florianiwandertag_014.jpg 1800w\" data-sizes=\"auto\" \/><\/a>\n\t\t\t<\/dt><\/dl><dl class='gallery-item'>\n\t\t\t<dt class='gallery-icon landscape'>\n\t\t\t\t<a data-rel=\"iLightbox[postimages]\" data-title=\"florianiwandertag_015\" data-caption=\"\" href='https:\/\/www.ff-weppersdorf.at\/web\/wp-content\/uploads\/2026\/04\/florianiwandertag_015.jpg'><img decoding=\"async\" width=\"128\" height=\"85\" src=\"https:\/\/www.ff-weppersdorf.at\/web\/wp-content\/uploads\/2026\/04\/florianiwandertag_015.jpg\" class=\"attachment-thumbnail size-thumbnail lazyload\" alt=\"\" srcset=\"data:image\/svg+xml,%3Csvg%20xmlns%3D%27http%3A%2F%2Fwww.w3.org%2F2000%2Fsvg%27%20width%3D%271800%27%20height%3D%271200%27%20viewBox%3D%270%200%201800%201200%27%3E%3Crect%20width%3D%271800%27%20height%3D%271200%27%20fill-opacity%3D%220%22%2F%3E%3C%2Fsvg%3E\" data-orig-src=\"https:\/\/www.ff-weppersdorf.at\/web\/wp-content\/uploads\/2026\/04\/florianiwandertag_015.jpg\" data-srcset=\"https:\/\/www.ff-weppersdorf.at\/web\/wp-content\/uploads\/2026\/04\/florianiwandertag_015-200x133.jpg 200w, https:\/\/www.ff-weppersdorf.at\/web\/wp-content\/uploads\/2026\/04\/florianiwandertag_015-400x267.jpg 400w, https:\/\/www.ff-weppersdorf.at\/web\/wp-content\/uploads\/2026\/04\/florianiwandertag_015-600x400.jpg 600w, https:\/\/www.ff-weppersdorf.at\/web\/wp-content\/uploads\/2026\/04\/florianiwandertag_015-768x512.jpg 768w, https:\/\/www.ff-weppersdorf.at\/web\/wp-content\/uploads\/2026\/04\/florianiwandertag_015-800x533.jpg 800w, https:\/\/www.ff-weppersdorf.at\/web\/wp-content\/uploads\/2026\/04\/florianiwandertag_015-1200x800.jpg 1200w, https:\/\/www.ff-weppersdorf.at\/web\/wp-content\/uploads\/2026\/04\/florianiwandertag_015-1536x1024.jpg 1536w, https:\/\/www.ff-weppersdorf.at\/web\/wp-content\/uploads\/2026\/04\/florianiwandertag_015.jpg 1800w\" data-sizes=\"auto\" \/><\/a>\n\t\t\t<\/dt><\/dl><dl class='gallery-item'>\n\t\t\t<dt class='gallery-icon landscape'>\n\t\t\t\t<a data-rel=\"iLightbox[postimages]\" data-title=\"florianiwandertag_016\" data-caption=\"\" href='https:\/\/www.ff-weppersdorf.at\/web\/wp-content\/uploads\/2026\/04\/florianiwandertag_016.jpg'><img decoding=\"async\" width=\"128\" height=\"85\" src=\"https:\/\/www.ff-weppersdorf.at\/web\/wp-content\/uploads\/2026\/04\/florianiwandertag_016.jpg\" class=\"attachment-thumbnail size-thumbnail lazyload\" alt=\"\" srcset=\"data:image\/svg+xml,%3Csvg%20xmlns%3D%27http%3A%2F%2Fwww.w3.org%2F2000%2Fsvg%27%20width%3D%271800%27%20height%3D%271200%27%20viewBox%3D%270%200%201800%201200%27%3E%3Crect%20width%3D%271800%27%20height%3D%271200%27%20fill-opacity%3D%220%22%2F%3E%3C%2Fsvg%3E\" data-orig-src=\"https:\/\/www.ff-weppersdorf.at\/web\/wp-content\/uploads\/2026\/04\/florianiwandertag_016.jpg\" data-srcset=\"https:\/\/www.ff-weppersdorf.at\/web\/wp-content\/uploads\/2026\/04\/florianiwandertag_016-200x133.jpg 200w, https:\/\/www.ff-weppersdorf.at\/web\/wp-content\/uploads\/2026\/04\/florianiwandertag_016-400x267.jpg 400w, https:\/\/www.ff-weppersdorf.at\/web\/wp-content\/uploads\/2026\/04\/florianiwandertag_016-600x400.jpg 600w, https:\/\/www.ff-weppersdorf.at\/web\/wp-content\/uploads\/2026\/04\/florianiwandertag_016-768x512.jpg 768w, https:\/\/www.ff-weppersdorf.at\/web\/wp-content\/uploads\/2026\/04\/florianiwandertag_016-800x533.jpg 800w, https:\/\/www.ff-weppersdorf.at\/web\/wp-content\/uploads\/2026\/04\/florianiwandertag_016-1200x800.jpg 1200w, https:\/\/www.ff-weppersdorf.at\/web\/wp-content\/uploads\/2026\/04\/florianiwandertag_016-1536x1024.jpg 1536w, https:\/\/www.ff-weppersdorf.at\/web\/wp-content\/uploads\/2026\/04\/florianiwandertag_016.jpg 1800w\" data-sizes=\"auto\" \/><\/a>\n\t\t\t<\/dt><\/dl><dl class='gallery-item'>\n\t\t\t<dt class='gallery-icon landscape'>\n\t\t\t\t<a data-rel=\"iLightbox[postimages]\" data-title=\"florianiwandertag_017\" data-caption=\"\" href='https:\/\/www.ff-weppersdorf.at\/web\/wp-content\/uploads\/2026\/04\/florianiwandertag_017.jpg'><img decoding=\"async\" width=\"128\" height=\"85\" src=\"https:\/\/www.ff-weppersdorf.at\/web\/wp-content\/uploads\/2026\/04\/florianiwandertag_017.jpg\" class=\"attachment-thumbnail size-thumbnail lazyload\" alt=\"\" srcset=\"data:image\/svg+xml,%3Csvg%20xmlns%3D%27http%3A%2F%2Fwww.w3.org%2F2000%2Fsvg%27%20width%3D%271800%27%20height%3D%271200%27%20viewBox%3D%270%200%201800%201200%27%3E%3Crect%20width%3D%271800%27%20height%3D%271200%27%20fill-opacity%3D%220%22%2F%3E%3C%2Fsvg%3E\" data-orig-src=\"https:\/\/www.ff-weppersdorf.at\/web\/wp-content\/uploads\/2026\/04\/florianiwandertag_017.jpg\" data-srcset=\"https:\/\/www.ff-weppersdorf.at\/web\/wp-content\/uploads\/2026\/04\/florianiwandertag_017-200x133.jpg 200w, https:\/\/www.ff-weppersdorf.at\/web\/wp-content\/uploads\/2026\/04\/florianiwandertag_017-400x267.jpg 400w, https:\/\/www.ff-weppersdorf.at\/web\/wp-content\/uploads\/2026\/04\/florianiwandertag_017-600x400.jpg 600w, https:\/\/www.ff-weppersdorf.at\/web\/wp-content\/uploads\/2026\/04\/florianiwandertag_017-768x512.jpg 768w, https:\/\/www.ff-weppersdorf.at\/web\/wp-content\/uploads\/2026\/04\/florianiwandertag_017-800x533.jpg 800w, https:\/\/www.ff-weppersdorf.at\/web\/wp-content\/uploads\/2026\/04\/florianiwandertag_017-1200x800.jpg 1200w, https:\/\/www.ff-weppersdorf.at\/web\/wp-content\/uploads\/2026\/04\/florianiwandertag_017-1536x1024.jpg 1536w, https:\/\/www.ff-weppersdorf.at\/web\/wp-content\/uploads\/2026\/04\/florianiwandertag_017.jpg 1800w\" data-sizes=\"auto\" \/><\/a>\n\t\t\t<\/dt><\/dl><br style=\"clear: both\" \/><dl class='gallery-item'>\n\t\t\t<dt class='gallery-icon landscape'>\n\t\t\t\t<a data-rel=\"iLightbox[postimages]\" data-title=\"florianiwandertag_018\" data-caption=\"\" href='https:\/\/www.ff-weppersdorf.at\/web\/wp-content\/uploads\/2026\/04\/florianiwandertag_018.jpg'><img decoding=\"async\" width=\"128\" height=\"85\" src=\"https:\/\/www.ff-weppersdorf.at\/web\/wp-content\/uploads\/2026\/04\/florianiwandertag_018.jpg\" class=\"attachment-thumbnail size-thumbnail lazyload\" alt=\"\" srcset=\"data:image\/svg+xml,%3Csvg%20xmlns%3D%27http%3A%2F%2Fwww.w3.org%2F2000%2Fsvg%27%20width%3D%271800%27%20height%3D%271200%27%20viewBox%3D%270%200%201800%201200%27%3E%3Crect%20width%3D%271800%27%20height%3D%271200%27%20fill-opacity%3D%220%22%2F%3E%3C%2Fsvg%3E\" data-orig-src=\"https:\/\/www.ff-weppersdorf.at\/web\/wp-content\/uploads\/2026\/04\/florianiwandertag_018.jpg\" data-srcset=\"https:\/\/www.ff-weppersdorf.at\/web\/wp-content\/uploads\/2026\/04\/florianiwandertag_018-200x133.jpg 200w, https:\/\/www.ff-weppersdorf.at\/web\/wp-content\/uploads\/2026\/04\/florianiwandertag_018-400x267.jpg 400w, https:\/\/www.ff-weppersdorf.at\/web\/wp-content\/uploads\/2026\/04\/florianiwandertag_018-600x400.jpg 600w, https:\/\/www.ff-weppersdorf.at\/web\/wp-content\/uploads\/2026\/04\/florianiwandertag_018-768x512.jpg 768w, https:\/\/www.ff-weppersdorf.at\/web\/wp-content\/uploads\/2026\/04\/florianiwandertag_018-800x533.jpg 800w, https:\/\/www.ff-weppersdorf.at\/web\/wp-content\/uploads\/2026\/04\/florianiwandertag_018-1200x800.jpg 1200w, https:\/\/www.ff-weppersdorf.at\/web\/wp-content\/uploads\/2026\/04\/florianiwandertag_018-1536x1024.jpg 1536w, https:\/\/www.ff-weppersdorf.at\/web\/wp-content\/uploads\/2026\/04\/florianiwandertag_018.jpg 1800w\" data-sizes=\"auto\" \/><\/a>\n\t\t\t<\/dt><\/dl><dl class='gallery-item'>\n\t\t\t<dt class='gallery-icon landscape'>\n\t\t\t\t<a data-rel=\"iLightbox[postimages]\" data-title=\"florianiwandertag_019\" data-caption=\"\" href='https:\/\/www.ff-weppersdorf.at\/web\/wp-content\/uploads\/2026\/04\/florianiwandertag_019.jpg'><img decoding=\"async\" width=\"128\" height=\"85\" src=\"https:\/\/www.ff-weppersdorf.at\/web\/wp-content\/uploads\/2026\/04\/florianiwandertag_019.jpg\" class=\"attachment-thumbnail size-thumbnail lazyload\" alt=\"\" srcset=\"data:image\/svg+xml,%3Csvg%20xmlns%3D%27http%3A%2F%2Fwww.w3.org%2F2000%2Fsvg%27%20width%3D%271800%27%20height%3D%271200%27%20viewBox%3D%270%200%201800%201200%27%3E%3Crect%20width%3D%271800%27%20height%3D%271200%27%20fill-opacity%3D%220%22%2F%3E%3C%2Fsvg%3E\" data-orig-src=\"https:\/\/www.ff-weppersdorf.at\/web\/wp-content\/uploads\/2026\/04\/florianiwandertag_019.jpg\" data-srcset=\"https:\/\/www.ff-weppersdorf.at\/web\/wp-content\/uploads\/2026\/04\/florianiwandertag_019-200x133.jpg 200w, https:\/\/www.ff-weppersdorf.at\/web\/wp-content\/uploads\/2026\/04\/florianiwandertag_019-400x267.jpg 400w, https:\/\/www.ff-weppersdorf.at\/web\/wp-content\/uploads\/2026\/04\/florianiwandertag_019-600x400.jpg 600w, https:\/\/www.ff-weppersdorf.at\/web\/wp-content\/uploads\/2026\/04\/florianiwandertag_019-768x512.jpg 768w, https:\/\/www.ff-weppersdorf.at\/web\/wp-content\/uploads\/2026\/04\/florianiwandertag_019-800x533.jpg 800w, https:\/\/www.ff-weppersdorf.at\/web\/wp-content\/uploads\/2026\/04\/florianiwandertag_019-1200x800.jpg 1200w, https:\/\/www.ff-weppersdorf.at\/web\/wp-content\/uploads\/2026\/04\/florianiwandertag_019-1536x1024.jpg 1536w, https:\/\/www.ff-weppersdorf.at\/web\/wp-content\/uploads\/2026\/04\/florianiwandertag_019.jpg 1800w\" data-sizes=\"auto\" \/><\/a>\n\t\t\t<\/dt><\/dl><dl class='gallery-item'>\n\t\t\t<dt class='gallery-icon landscape'>\n\t\t\t\t<a data-rel=\"iLightbox[postimages]\" data-title=\"florianiwandertag_020\" data-caption=\"\" href='https:\/\/www.ff-weppersdorf.at\/web\/wp-content\/uploads\/2026\/04\/florianiwandertag_020.jpg'><img decoding=\"async\" width=\"128\" height=\"85\" src=\"https:\/\/www.ff-weppersdorf.at\/web\/wp-content\/uploads\/2026\/04\/florianiwandertag_020.jpg\" class=\"attachment-thumbnail size-thumbnail lazyload\" alt=\"\" srcset=\"data:image\/svg+xml,%3Csvg%20xmlns%3D%27http%3A%2F%2Fwww.w3.org%2F2000%2Fsvg%27%20width%3D%271800%27%20height%3D%271200%27%20viewBox%3D%270%200%201800%201200%27%3E%3Crect%20width%3D%271800%27%20height%3D%271200%27%20fill-opacity%3D%220%22%2F%3E%3C%2Fsvg%3E\" data-orig-src=\"https:\/\/www.ff-weppersdorf.at\/web\/wp-content\/uploads\/2026\/04\/florianiwandertag_020.jpg\" data-srcset=\"https:\/\/www.ff-weppersdorf.at\/web\/wp-content\/uploads\/2026\/04\/florianiwandertag_020-200x133.jpg 200w, https:\/\/www.ff-weppersdorf.at\/web\/wp-content\/uploads\/2026\/04\/florianiwandertag_020-400x267.jpg 400w, https:\/\/www.ff-weppersdorf.at\/web\/wp-content\/uploads\/2026\/04\/florianiwandertag_020-600x400.jpg 600w, https:\/\/www.ff-weppersdorf.at\/web\/wp-content\/uploads\/2026\/04\/florianiwandertag_020-768x512.jpg 768w, https:\/\/www.ff-weppersdorf.at\/web\/wp-content\/uploads\/2026\/04\/florianiwandertag_020-800x533.jpg 800w, https:\/\/www.ff-weppersdorf.at\/web\/wp-content\/uploads\/2026\/04\/florianiwandertag_020-1200x800.jpg 1200w, https:\/\/www.ff-weppersdorf.at\/web\/wp-content\/uploads\/2026\/04\/florianiwandertag_020-1536x1024.jpg 1536w, https:\/\/www.ff-weppersdorf.at\/web\/wp-content\/uploads\/2026\/04\/florianiwandertag_020.jpg 1800w\" data-sizes=\"auto\" \/><\/a>\n\t\t\t<\/dt><\/dl><dl class='gallery-item'>\n\t\t\t<dt class='gallery-icon landscape'>\n\t\t\t\t<a data-rel=\"iLightbox[postimages]\" data-title=\"florianiwandertag_021\" data-caption=\"\" href='https:\/\/www.ff-weppersdorf.at\/web\/wp-content\/uploads\/2026\/04\/florianiwandertag_021.jpg'><img decoding=\"async\" width=\"128\" height=\"85\" src=\"https:\/\/www.ff-weppersdorf.at\/web\/wp-content\/uploads\/2026\/04\/florianiwandertag_021.jpg\" class=\"attachment-thumbnail size-thumbnail lazyload\" alt=\"\" srcset=\"data:image\/svg+xml,%3Csvg%20xmlns%3D%27http%3A%2F%2Fwww.w3.org%2F2000%2Fsvg%27%20width%3D%271800%27%20height%3D%271200%27%20viewBox%3D%270%200%201800%201200%27%3E%3Crect%20width%3D%271800%27%20height%3D%271200%27%20fill-opacity%3D%220%22%2F%3E%3C%2Fsvg%3E\" data-orig-src=\"https:\/\/www.ff-weppersdorf.at\/web\/wp-content\/uploads\/2026\/04\/florianiwandertag_021.jpg\" data-srcset=\"https:\/\/www.ff-weppersdorf.at\/web\/wp-content\/uploads\/2026\/04\/florianiwandertag_021-200x133.jpg 200w, https:\/\/www.ff-weppersdorf.at\/web\/wp-content\/uploads\/2026\/04\/florianiwandertag_021-400x267.jpg 400w, https:\/\/www.ff-weppersdorf.at\/web\/wp-content\/uploads\/2026\/04\/florianiwandertag_021-600x400.jpg 600w, https:\/\/www.ff-weppersdorf.at\/web\/wp-content\/uploads\/2026\/04\/florianiwandertag_021-768x512.jpg 768w, https:\/\/www.ff-weppersdorf.at\/web\/wp-content\/uploads\/2026\/04\/florianiwandertag_021-800x533.jpg 800w, https:\/\/www.ff-weppersdorf.at\/web\/wp-content\/uploads\/2026\/04\/florianiwandertag_021-1200x800.jpg 1200w, https:\/\/www.ff-weppersdorf.at\/web\/wp-content\/uploads\/2026\/04\/florianiwandertag_021-1536x1024.jpg 1536w, https:\/\/www.ff-weppersdorf.at\/web\/wp-content\/uploads\/2026\/04\/florianiwandertag_021.jpg 1800w\" data-sizes=\"auto\" \/><\/a>\n\t\t\t<\/dt><\/dl><br style=\"clear: both\" \/><dl class='gallery-item'>\n\t\t\t<dt class='gallery-icon portrait'>\n\t\t\t\t<a data-rel=\"iLightbox[postimages]\" data-title=\"florianiwandertag_022\" data-caption=\"\" href='https:\/\/www.ff-weppersdorf.at\/web\/wp-content\/uploads\/2026\/04\/florianiwandertag_022.jpg'><img decoding=\"async\" width=\"64\" height=\"96\" src=\"https:\/\/www.ff-weppersdorf.at\/web\/wp-content\/uploads\/2026\/04\/florianiwandertag_022.jpg\" class=\"attachment-thumbnail size-thumbnail lazyload\" alt=\"\" srcset=\"data:image\/svg+xml,%3Csvg%20xmlns%3D%27http%3A%2F%2Fwww.w3.org%2F2000%2Fsvg%27%20width%3D%271200%27%20height%3D%271800%27%20viewBox%3D%270%200%201200%201800%27%3E%3Crect%20width%3D%271200%27%20height%3D%271800%27%20fill-opacity%3D%220%22%2F%3E%3C%2Fsvg%3E\" data-orig-src=\"https:\/\/www.ff-weppersdorf.at\/web\/wp-content\/uploads\/2026\/04\/florianiwandertag_022.jpg\" data-srcset=\"https:\/\/www.ff-weppersdorf.at\/web\/wp-content\/uploads\/2026\/04\/florianiwandertag_022-200x300.jpg 200w, https:\/\/www.ff-weppersdorf.at\/web\/wp-content\/uploads\/2026\/04\/florianiwandertag_022-400x600.jpg 400w, https:\/\/www.ff-weppersdorf.at\/web\/wp-content\/uploads\/2026\/04\/florianiwandertag_022-600x900.jpg 600w, https:\/\/www.ff-weppersdorf.at\/web\/wp-content\/uploads\/2026\/04\/florianiwandertag_022-768x1152.jpg 768w, https:\/\/www.ff-weppersdorf.at\/web\/wp-content\/uploads\/2026\/04\/florianiwandertag_022-800x1200.jpg 800w, https:\/\/www.ff-weppersdorf.at\/web\/wp-content\/uploads\/2026\/04\/florianiwandertag_022-1024x1536.jpg 1024w, https:\/\/www.ff-weppersdorf.at\/web\/wp-content\/uploads\/2026\/04\/florianiwandertag_022.jpg 1200w\" data-sizes=\"auto\" \/><\/a>\n\t\t\t<\/dt><\/dl><dl class='gallery-item'>\n\t\t\t<dt class='gallery-icon landscape'>\n\t\t\t\t<a data-rel=\"iLightbox[postimages]\" data-title=\"florianiwandertag_023\" data-caption=\"\" href='https:\/\/www.ff-weppersdorf.at\/web\/wp-content\/uploads\/2026\/04\/florianiwandertag_023.jpg'><img decoding=\"async\" width=\"128\" height=\"85\" src=\"https:\/\/www.ff-weppersdorf.at\/web\/wp-content\/uploads\/2026\/04\/florianiwandertag_023.jpg\" class=\"attachment-thumbnail size-thumbnail lazyload\" alt=\"\" srcset=\"data:image\/svg+xml,%3Csvg%20xmlns%3D%27http%3A%2F%2Fwww.w3.org%2F2000%2Fsvg%27%20width%3D%271800%27%20height%3D%271200%27%20viewBox%3D%270%200%201800%201200%27%3E%3Crect%20width%3D%271800%27%20height%3D%271200%27%20fill-opacity%3D%220%22%2F%3E%3C%2Fsvg%3E\" data-orig-src=\"https:\/\/www.ff-weppersdorf.at\/web\/wp-content\/uploads\/2026\/04\/florianiwandertag_023.jpg\" data-srcset=\"https:\/\/www.ff-weppersdorf.at\/web\/wp-content\/uploads\/2026\/04\/florianiwandertag_023-200x133.jpg 200w, https:\/\/www.ff-weppersdorf.at\/web\/wp-content\/uploads\/2026\/04\/florianiwandertag_023-400x267.jpg 400w, https:\/\/www.ff-weppersdorf.at\/web\/wp-content\/uploads\/2026\/04\/florianiwandertag_023-600x400.jpg 600w, https:\/\/www.ff-weppersdorf.at\/web\/wp-content\/uploads\/2026\/04\/florianiwandertag_023-768x512.jpg 768w, https:\/\/www.ff-weppersdorf.at\/web\/wp-content\/uploads\/2026\/04\/florianiwandertag_023-800x533.jpg 800w, https:\/\/www.ff-weppersdorf.at\/web\/wp-content\/uploads\/2026\/04\/florianiwandertag_023-1200x800.jpg 1200w, https:\/\/www.ff-weppersdorf.at\/web\/wp-content\/uploads\/2026\/04\/florianiwandertag_023-1536x1024.jpg 1536w, https:\/\/www.ff-weppersdorf.at\/web\/wp-content\/uploads\/2026\/04\/florianiwandertag_023.jpg 1800w\" data-sizes=\"auto\" \/><\/a>\n\t\t\t<\/dt><\/dl><dl class='gallery-item'>\n\t\t\t<dt class='gallery-icon landscape'>\n\t\t\t\t<a data-rel=\"iLightbox[postimages]\" data-title=\"florianiwandertag_024\" data-caption=\"\" href='https:\/\/www.ff-weppersdorf.at\/web\/wp-content\/uploads\/2026\/04\/florianiwandertag_024.jpg'><img decoding=\"async\" width=\"128\" height=\"85\" src=\"https:\/\/www.ff-weppersdorf.at\/web\/wp-content\/uploads\/2026\/04\/florianiwandertag_024.jpg\" class=\"attachment-thumbnail size-thumbnail lazyload\" alt=\"\" srcset=\"data:image\/svg+xml,%3Csvg%20xmlns%3D%27http%3A%2F%2Fwww.w3.org%2F2000%2Fsvg%27%20width%3D%271800%27%20height%3D%271200%27%20viewBox%3D%270%200%201800%201200%27%3E%3Crect%20width%3D%271800%27%20height%3D%271200%27%20fill-opacity%3D%220%22%2F%3E%3C%2Fsvg%3E\" data-orig-src=\"https:\/\/www.ff-weppersdorf.at\/web\/wp-content\/uploads\/2026\/04\/florianiwandertag_024.jpg\" data-srcset=\"https:\/\/www.ff-weppersdorf.at\/web\/wp-content\/uploads\/2026\/04\/florianiwandertag_024-200x133.jpg 200w, https:\/\/www.ff-weppersdorf.at\/web\/wp-content\/uploads\/2026\/04\/florianiwandertag_024-400x267.jpg 400w, https:\/\/www.ff-weppersdorf.at\/web\/wp-content\/uploads\/2026\/04\/florianiwandertag_024-600x400.jpg 600w, https:\/\/www.ff-weppersdorf.at\/web\/wp-content\/uploads\/2026\/04\/florianiwandertag_024-768x512.jpg 768w, https:\/\/www.ff-weppersdorf.at\/web\/wp-content\/uploads\/2026\/04\/florianiwandertag_024-800x533.jpg 800w, https:\/\/www.ff-weppersdorf.at\/web\/wp-content\/uploads\/2026\/04\/florianiwandertag_024-1200x800.jpg 1200w, https:\/\/www.ff-weppersdorf.at\/web\/wp-content\/uploads\/2026\/04\/florianiwandertag_024-1536x1024.jpg 1536w, https:\/\/www.ff-weppersdorf.at\/web\/wp-content\/uploads\/2026\/04\/florianiwandertag_024.jpg 1800w\" data-sizes=\"auto\" \/><\/a>\n\t\t\t<\/dt><\/dl><dl class='gallery-item'>\n\t\t\t<dt class='gallery-icon landscape'>\n\t\t\t\t<a data-rel=\"iLightbox[postimages]\" data-title=\"florianiwandertag_025\" data-caption=\"\" href='https:\/\/www.ff-weppersdorf.at\/web\/wp-content\/uploads\/2026\/04\/florianiwandertag_025.jpg'><img decoding=\"async\" width=\"128\" height=\"85\" src=\"https:\/\/www.ff-weppersdorf.at\/web\/wp-content\/uploads\/2026\/04\/florianiwandertag_025.jpg\" class=\"attachment-thumbnail size-thumbnail lazyload\" alt=\"\" srcset=\"data:image\/svg+xml,%3Csvg%20xmlns%3D%27http%3A%2F%2Fwww.w3.org%2F2000%2Fsvg%27%20width%3D%271800%27%20height%3D%271200%27%20viewBox%3D%270%200%201800%201200%27%3E%3Crect%20width%3D%271800%27%20height%3D%271200%27%20fill-opacity%3D%220%22%2F%3E%3C%2Fsvg%3E\" data-orig-src=\"https:\/\/www.ff-weppersdorf.at\/web\/wp-content\/uploads\/2026\/04\/florianiwandertag_025.jpg\" data-srcset=\"https:\/\/www.ff-weppersdorf.at\/web\/wp-content\/uploads\/2026\/04\/florianiwandertag_025-200x133.jpg 200w, https:\/\/www.ff-weppersdorf.at\/web\/wp-content\/uploads\/2026\/04\/florianiwandertag_025-400x267.jpg 400w, https:\/\/www.ff-weppersdorf.at\/web\/wp-content\/uploads\/2026\/04\/florianiwandertag_025-600x400.jpg 600w, https:\/\/www.ff-weppersdorf.at\/web\/wp-content\/uploads\/2026\/04\/florianiwandertag_025-768x512.jpg 768w, https:\/\/www.ff-weppersdorf.at\/web\/wp-content\/uploads\/2026\/04\/florianiwandertag_025-800x533.jpg 800w, https:\/\/www.ff-weppersdorf.at\/web\/wp-content\/uploads\/2026\/04\/florianiwandertag_025-1200x800.jpg 1200w, https:\/\/www.ff-weppersdorf.at\/web\/wp-content\/uploads\/2026\/04\/florianiwandertag_025-1536x1024.jpg 1536w, https:\/\/www.ff-weppersdorf.at\/web\/wp-content\/uploads\/2026\/04\/florianiwandertag_025.jpg 1800w\" data-sizes=\"auto\" \/><\/a>\n\t\t\t<\/dt><\/dl><br style=\"clear: both\" \/><dl class='gallery-item'>\n\t\t\t<dt class='gallery-icon landscape'>\n\t\t\t\t<a data-rel=\"iLightbox[postimages]\" data-title=\"florianiwandertag_026\" data-caption=\"\" href='https:\/\/www.ff-weppersdorf.at\/web\/wp-content\/uploads\/2026\/04\/florianiwandertag_026.jpg'><img decoding=\"async\" width=\"128\" height=\"85\" src=\"https:\/\/www.ff-weppersdorf.at\/web\/wp-content\/uploads\/2026\/04\/florianiwandertag_026.jpg\" class=\"attachment-thumbnail size-thumbnail lazyload\" alt=\"\" srcset=\"data:image\/svg+xml,%3Csvg%20xmlns%3D%27http%3A%2F%2Fwww.w3.org%2F2000%2Fsvg%27%20width%3D%271800%27%20height%3D%271200%27%20viewBox%3D%270%200%201800%201200%27%3E%3Crect%20width%3D%271800%27%20height%3D%271200%27%20fill-opacity%3D%220%22%2F%3E%3C%2Fsvg%3E\" data-orig-src=\"https:\/\/www.ff-weppersdorf.at\/web\/wp-content\/uploads\/2026\/04\/florianiwandertag_026.jpg\" data-srcset=\"https:\/\/www.ff-weppersdorf.at\/web\/wp-content\/uploads\/2026\/04\/florianiwandertag_026-200x133.jpg 200w, https:\/\/www.ff-weppersdorf.at\/web\/wp-content\/uploads\/2026\/04\/florianiwandertag_026-400x267.jpg 400w, https:\/\/www.ff-weppersdorf.at\/web\/wp-content\/uploads\/2026\/04\/florianiwandertag_026-600x400.jpg 600w, https:\/\/www.ff-weppersdorf.at\/web\/wp-content\/uploads\/2026\/04\/florianiwandertag_026-768x512.jpg 768w, https:\/\/www.ff-weppersdorf.at\/web\/wp-content\/uploads\/2026\/04\/florianiwandertag_026-800x533.jpg 800w, https:\/\/www.ff-weppersdorf.at\/web\/wp-content\/uploads\/2026\/04\/florianiwandertag_026-1200x800.jpg 1200w, https:\/\/www.ff-weppersdorf.at\/web\/wp-content\/uploads\/2026\/04\/florianiwandertag_026-1536x1024.jpg 1536w, https:\/\/www.ff-weppersdorf.at\/web\/wp-content\/uploads\/2026\/04\/florianiwandertag_026.jpg 1800w\" data-sizes=\"auto\" \/><\/a>\n\t\t\t<\/dt><\/dl><dl class='gallery-item'>\n\t\t\t<dt class='gallery-icon landscape'>\n\t\t\t\t<a data-rel=\"iLightbox[postimages]\" data-title=\"florianiwandertag_027\" data-caption=\"\" href='https:\/\/www.ff-weppersdorf.at\/web\/wp-content\/uploads\/2026\/04\/florianiwandertag_027.jpg'><img decoding=\"async\" width=\"128\" height=\"85\" src=\"https:\/\/www.ff-weppersdorf.at\/web\/wp-content\/uploads\/2026\/04\/florianiwandertag_027.jpg\" class=\"attachment-thumbnail size-thumbnail lazyload\" alt=\"\" srcset=\"data:image\/svg+xml,%3Csvg%20xmlns%3D%27http%3A%2F%2Fwww.w3.org%2F2000%2Fsvg%27%20width%3D%271800%27%20height%3D%271200%27%20viewBox%3D%270%200%201800%201200%27%3E%3Crect%20width%3D%271800%27%20height%3D%271200%27%20fill-opacity%3D%220%22%2F%3E%3C%2Fsvg%3E\" data-orig-src=\"https:\/\/www.ff-weppersdorf.at\/web\/wp-content\/uploads\/2026\/04\/florianiwandertag_027.jpg\" data-srcset=\"https:\/\/www.ff-weppersdorf.at\/web\/wp-content\/uploads\/2026\/04\/florianiwandertag_027-200x133.jpg 200w, https:\/\/www.ff-weppersdorf.at\/web\/wp-content\/uploads\/2026\/04\/florianiwandertag_027-400x267.jpg 400w, https:\/\/www.ff-weppersdorf.at\/web\/wp-content\/uploads\/2026\/04\/florianiwandertag_027-600x400.jpg 600w, https:\/\/www.ff-weppersdorf.at\/web\/wp-content\/uploads\/2026\/04\/florianiwandertag_027-768x512.jpg 768w, https:\/\/www.ff-weppersdorf.at\/web\/wp-content\/uploads\/2026\/04\/florianiwandertag_027-800x533.jpg 800w, https:\/\/www.ff-weppersdorf.at\/web\/wp-content\/uploads\/2026\/04\/florianiwandertag_027-1200x800.jpg 1200w, https:\/\/www.ff-weppersdorf.at\/web\/wp-content\/uploads\/2026\/04\/florianiwandertag_027-1536x1024.jpg 1536w, https:\/\/www.ff-weppersdorf.at\/web\/wp-content\/uploads\/2026\/04\/florianiwandertag_027.jpg 1800w\" data-sizes=\"auto\" \/><\/a>\n\t\t\t<\/dt><\/dl><dl class='gallery-item'>\n\t\t\t<dt class='gallery-icon portrait'>\n\t\t\t\t<a data-rel=\"iLightbox[postimages]\" data-title=\"florianiwandertag_028\" data-caption=\"\" href='https:\/\/www.ff-weppersdorf.at\/web\/wp-content\/uploads\/2026\/04\/florianiwandertag_028.jpg'><img decoding=\"async\" width=\"64\" height=\"96\" src=\"https:\/\/www.ff-weppersdorf.at\/web\/wp-content\/uploads\/2026\/04\/florianiwandertag_028.jpg\" class=\"attachment-thumbnail size-thumbnail lazyload\" alt=\"\" srcset=\"data:image\/svg+xml,%3Csvg%20xmlns%3D%27http%3A%2F%2Fwww.w3.org%2F2000%2Fsvg%27%20width%3D%271200%27%20height%3D%271800%27%20viewBox%3D%270%200%201200%201800%27%3E%3Crect%20width%3D%271200%27%20height%3D%271800%27%20fill-opacity%3D%220%22%2F%3E%3C%2Fsvg%3E\" data-orig-src=\"https:\/\/www.ff-weppersdorf.at\/web\/wp-content\/uploads\/2026\/04\/florianiwandertag_028.jpg\" data-srcset=\"https:\/\/www.ff-weppersdorf.at\/web\/wp-content\/uploads\/2026\/04\/florianiwandertag_028-200x300.jpg 200w, https:\/\/www.ff-weppersdorf.at\/web\/wp-content\/uploads\/2026\/04\/florianiwandertag_028-400x600.jpg 400w, https:\/\/www.ff-weppersdorf.at\/web\/wp-content\/uploads\/2026\/04\/florianiwandertag_028-600x900.jpg 600w, https:\/\/www.ff-weppersdorf.at\/web\/wp-content\/uploads\/2026\/04\/florianiwandertag_028-768x1152.jpg 768w, https:\/\/www.ff-weppersdorf.at\/web\/wp-content\/uploads\/2026\/04\/florianiwandertag_028-800x1200.jpg 800w, https:\/\/www.ff-weppersdorf.at\/web\/wp-content\/uploads\/2026\/04\/florianiwandertag_028-1024x1536.jpg 1024w, https:\/\/www.ff-weppersdorf.at\/web\/wp-content\/uploads\/2026\/04\/florianiwandertag_028.jpg 1200w\" data-sizes=\"auto\" \/><\/a>\n\t\t\t<\/dt><\/dl><dl class='gallery-item'>\n\t\t\t<dt class='gallery-icon portrait'>\n\t\t\t\t<a data-rel=\"iLightbox[postimages]\" data-title=\"florianiwandertag_029\" data-caption=\"\" href='https:\/\/www.ff-weppersdorf.at\/web\/wp-content\/uploads\/2026\/04\/florianiwandertag_029.jpg'><img decoding=\"async\" width=\"64\" height=\"96\" src=\"https:\/\/www.ff-weppersdorf.at\/web\/wp-content\/uploads\/2026\/04\/florianiwandertag_029.jpg\" class=\"attachment-thumbnail size-thumbnail lazyload\" alt=\"\" srcset=\"data:image\/svg+xml,%3Csvg%20xmlns%3D%27http%3A%2F%2Fwww.w3.org%2F2000%2Fsvg%27%20width%3D%271200%27%20height%3D%271800%27%20viewBox%3D%270%200%201200%201800%27%3E%3Crect%20width%3D%271200%27%20height%3D%271800%27%20fill-opacity%3D%220%22%2F%3E%3C%2Fsvg%3E\" data-orig-src=\"https:\/\/www.ff-weppersdorf.at\/web\/wp-content\/uploads\/2026\/04\/florianiwandertag_029.jpg\" data-srcset=\"https:\/\/www.ff-weppersdorf.at\/web\/wp-content\/uploads\/2026\/04\/florianiwandertag_029-200x300.jpg 200w, https:\/\/www.ff-weppersdorf.at\/web\/wp-content\/uploads\/2026\/04\/florianiwandertag_029-400x600.jpg 400w, https:\/\/www.ff-weppersdorf.at\/web\/wp-content\/uploads\/2026\/04\/florianiwandertag_029-600x900.jpg 600w, https:\/\/www.ff-weppersdorf.at\/web\/wp-content\/uploads\/2026\/04\/florianiwandertag_029-768x1152.jpg 768w, https:\/\/www.ff-weppersdorf.at\/web\/wp-content\/uploads\/2026\/04\/florianiwandertag_029-800x1200.jpg 800w, https:\/\/www.ff-weppersdorf.at\/web\/wp-content\/uploads\/2026\/04\/florianiwandertag_029-1024x1536.jpg 1024w, https:\/\/www.ff-weppersdorf.at\/web\/wp-content\/uploads\/2026\/04\/florianiwandertag_029.jpg 1200w\" data-sizes=\"auto\" \/><\/a>\n\t\t\t<\/dt><\/dl><br style=\"clear: both\" \/><dl class='gallery-item'>\n\t\t\t<dt class='gallery-icon portrait'>\n\t\t\t\t<a data-rel=\"iLightbox[postimages]\" data-title=\"florianiwandertag_030\" data-caption=\"\" href='https:\/\/www.ff-weppersdorf.at\/web\/wp-content\/uploads\/2026\/04\/florianiwandertag_030.jpg'><img decoding=\"async\" width=\"64\" height=\"96\" src=\"https:\/\/www.ff-weppersdorf.at\/web\/wp-content\/uploads\/2026\/04\/florianiwandertag_030.jpg\" class=\"attachment-thumbnail size-thumbnail lazyload\" alt=\"\" srcset=\"data:image\/svg+xml,%3Csvg%20xmlns%3D%27http%3A%2F%2Fwww.w3.org%2F2000%2Fsvg%27%20width%3D%271200%27%20height%3D%271800%27%20viewBox%3D%270%200%201200%201800%27%3E%3Crect%20width%3D%271200%27%20height%3D%271800%27%20fill-opacity%3D%220%22%2F%3E%3C%2Fsvg%3E\" data-orig-src=\"https:\/\/www.ff-weppersdorf.at\/web\/wp-content\/uploads\/2026\/04\/florianiwandertag_030.jpg\" data-srcset=\"https:\/\/www.ff-weppersdorf.at\/web\/wp-content\/uploads\/2026\/04\/florianiwandertag_030-200x300.jpg 200w, https:\/\/www.ff-weppersdorf.at\/web\/wp-content\/uploads\/2026\/04\/florianiwandertag_030-400x600.jpg 400w, https:\/\/www.ff-weppersdorf.at\/web\/wp-content\/uploads\/2026\/04\/florianiwandertag_030-600x900.jpg 600w, https:\/\/www.ff-weppersdorf.at\/web\/wp-content\/uploads\/2026\/04\/florianiwandertag_030-768x1152.jpg 768w, https:\/\/www.ff-weppersdorf.at\/web\/wp-content\/uploads\/2026\/04\/florianiwandertag_030-800x1200.jpg 800w, https:\/\/www.ff-weppersdorf.at\/web\/wp-content\/uploads\/2026\/04\/florianiwandertag_030-1024x1536.jpg 1024w, https:\/\/www.ff-weppersdorf.at\/web\/wp-content\/uploads\/2026\/04\/florianiwandertag_030.jpg 1200w\" data-sizes=\"auto\" \/><\/a>\n\t\t\t<\/dt><\/dl><dl class='gallery-item'>\n\t\t\t<dt class='gallery-icon landscape'>\n\t\t\t\t<a data-rel=\"iLightbox[postimages]\" data-title=\"florianiwandertag_031\" data-caption=\"\" href='https:\/\/www.ff-weppersdorf.at\/web\/wp-content\/uploads\/2026\/04\/florianiwandertag_031.jpg'><img decoding=\"async\" width=\"128\" height=\"85\" src=\"https:\/\/www.ff-weppersdorf.at\/web\/wp-content\/uploads\/2026\/04\/florianiwandertag_031.jpg\" class=\"attachment-thumbnail size-thumbnail lazyload\" alt=\"\" srcset=\"data:image\/svg+xml,%3Csvg%20xmlns%3D%27http%3A%2F%2Fwww.w3.org%2F2000%2Fsvg%27%20width%3D%271800%27%20height%3D%271200%27%20viewBox%3D%270%200%201800%201200%27%3E%3Crect%20width%3D%271800%27%20height%3D%271200%27%20fill-opacity%3D%220%22%2F%3E%3C%2Fsvg%3E\" data-orig-src=\"https:\/\/www.ff-weppersdorf.at\/web\/wp-content\/uploads\/2026\/04\/florianiwandertag_031.jpg\" data-srcset=\"https:\/\/www.ff-weppersdorf.at\/web\/wp-content\/uploads\/2026\/04\/florianiwandertag_031-200x133.jpg 200w, https:\/\/www.ff-weppersdorf.at\/web\/wp-content\/uploads\/2026\/04\/florianiwandertag_031-400x267.jpg 400w, https:\/\/www.ff-weppersdorf.at\/web\/wp-content\/uploads\/2026\/04\/florianiwandertag_031-600x400.jpg 600w, https:\/\/www.ff-weppersdorf.at\/web\/wp-content\/uploads\/2026\/04\/florianiwandertag_031-768x512.jpg 768w, https:\/\/www.ff-weppersdorf.at\/web\/wp-content\/uploads\/2026\/04\/florianiwandertag_031-800x533.jpg 800w, https:\/\/www.ff-weppersdorf.at\/web\/wp-content\/uploads\/2026\/04\/florianiwandertag_031-1200x800.jpg 1200w, https:\/\/www.ff-weppersdorf.at\/web\/wp-content\/uploads\/2026\/04\/florianiwandertag_031-1536x1024.jpg 1536w, https:\/\/www.ff-weppersdorf.at\/web\/wp-content\/uploads\/2026\/04\/florianiwandertag_031.jpg 1800w\" data-sizes=\"auto\" \/><\/a>\n\t\t\t<\/dt><\/dl><dl class='gallery-item'>\n\t\t\t<dt class='gallery-icon landscape'>\n\t\t\t\t<a data-rel=\"iLightbox[postimages]\" data-title=\"florianiwandertag_032\" data-caption=\"\" href='https:\/\/www.ff-weppersdorf.at\/web\/wp-content\/uploads\/2026\/04\/florianiwandertag_032.jpg'><img decoding=\"async\" width=\"128\" height=\"85\" src=\"https:\/\/www.ff-weppersdorf.at\/web\/wp-content\/uploads\/2026\/04\/florianiwandertag_032.jpg\" class=\"attachment-thumbnail size-thumbnail lazyload\" alt=\"\" srcset=\"data:image\/svg+xml,%3Csvg%20xmlns%3D%27http%3A%2F%2Fwww.w3.org%2F2000%2Fsvg%27%20width%3D%271800%27%20height%3D%271200%27%20viewBox%3D%270%200%201800%201200%27%3E%3Crect%20width%3D%271800%27%20height%3D%271200%27%20fill-opacity%3D%220%22%2F%3E%3C%2Fsvg%3E\" data-orig-src=\"https:\/\/www.ff-weppersdorf.at\/web\/wp-content\/uploads\/2026\/04\/florianiwandertag_032.jpg\" data-srcset=\"https:\/\/www.ff-weppersdorf.at\/web\/wp-content\/uploads\/2026\/04\/florianiwandertag_032-200x133.jpg 200w, https:\/\/www.ff-weppersdorf.at\/web\/wp-content\/uploads\/2026\/04\/florianiwandertag_032-400x267.jpg 400w, https:\/\/www.ff-weppersdorf.at\/web\/wp-content\/uploads\/2026\/04\/florianiwandertag_032-600x400.jpg 600w, https:\/\/www.ff-weppersdorf.at\/web\/wp-content\/uploads\/2026\/04\/florianiwandertag_032-768x512.jpg 768w, https:\/\/www.ff-weppersdorf.at\/web\/wp-content\/uploads\/2026\/04\/florianiwandertag_032-800x533.jpg 800w, https:\/\/www.ff-weppersdorf.at\/web\/wp-content\/uploads\/2026\/04\/florianiwandertag_032-1200x800.jpg 1200w, https:\/\/www.ff-weppersdorf.at\/web\/wp-content\/uploads\/2026\/04\/florianiwandertag_032-1536x1024.jpg 1536w, https:\/\/www.ff-weppersdorf.at\/web\/wp-content\/uploads\/2026\/04\/florianiwandertag_032.jpg 1800w\" data-sizes=\"auto\" \/><\/a>\n\t\t\t<\/dt><\/dl><dl class='gallery-item'>\n\t\t\t<dt class='gallery-icon landscape'>\n\t\t\t\t<a data-rel=\"iLightbox[postimages]\" data-title=\"florianiwandertag_033\" data-caption=\"\" href='https:\/\/www.ff-weppersdorf.at\/web\/wp-content\/uploads\/2026\/04\/florianiwandertag_033.jpg'><img decoding=\"async\" width=\"128\" height=\"71\" src=\"https:\/\/www.ff-weppersdorf.at\/web\/wp-content\/uploads\/2026\/04\/florianiwandertag_033.jpg\" class=\"attachment-thumbnail size-thumbnail lazyload\" alt=\"\" srcset=\"data:image\/svg+xml,%3Csvg%20xmlns%3D%27http%3A%2F%2Fwww.w3.org%2F2000%2Fsvg%27%20width%3D%271800%27%20height%3D%271000%27%20viewBox%3D%270%200%201800%201000%27%3E%3Crect%20width%3D%271800%27%20height%3D%271000%27%20fill-opacity%3D%220%22%2F%3E%3C%2Fsvg%3E\" data-orig-src=\"https:\/\/www.ff-weppersdorf.at\/web\/wp-content\/uploads\/2026\/04\/florianiwandertag_033.jpg\" data-srcset=\"https:\/\/www.ff-weppersdorf.at\/web\/wp-content\/uploads\/2026\/04\/florianiwandertag_033-200x111.jpg 200w, https:\/\/www.ff-weppersdorf.at\/web\/wp-content\/uploads\/2026\/04\/florianiwandertag_033-400x222.jpg 400w, https:\/\/www.ff-weppersdorf.at\/web\/wp-content\/uploads\/2026\/04\/florianiwandertag_033-600x333.jpg 600w, https:\/\/www.ff-weppersdorf.at\/web\/wp-content\/uploads\/2026\/04\/florianiwandertag_033-768x427.jpg 768w, https:\/\/www.ff-weppersdorf.at\/web\/wp-content\/uploads\/2026\/04\/florianiwandertag_033-800x444.jpg 800w, https:\/\/www.ff-weppersdorf.at\/web\/wp-content\/uploads\/2026\/04\/florianiwandertag_033-1200x667.jpg 1200w, https:\/\/www.ff-weppersdorf.at\/web\/wp-content\/uploads\/2026\/04\/florianiwandertag_033-1536x853.jpg 1536w, https:\/\/www.ff-weppersdorf.at\/web\/wp-content\/uploads\/2026\/04\/florianiwandertag_033.jpg 1800w\" data-sizes=\"auto\" \/><\/a>\n\t\t\t<\/dt><\/dl><br style=\"clear: both\" \/><dl class='gallery-item'>\n\t\t\t<dt class='gallery-icon landscape'>\n\t\t\t\t<a data-rel=\"iLightbox[postimages]\" data-title=\"florianiwandertag_034\" data-caption=\"\" href='https:\/\/www.ff-weppersdorf.at\/web\/wp-content\/uploads\/2026\/04\/florianiwandertag_034.jpg'><img decoding=\"async\" width=\"128\" height=\"85\" src=\"https:\/\/www.ff-weppersdorf.at\/web\/wp-content\/uploads\/2026\/04\/florianiwandertag_034.jpg\" class=\"attachment-thumbnail size-thumbnail lazyload\" alt=\"\" srcset=\"data:image\/svg+xml,%3Csvg%20xmlns%3D%27http%3A%2F%2Fwww.w3.org%2F2000%2Fsvg%27%20width%3D%271800%27%20height%3D%271200%27%20viewBox%3D%270%200%201800%201200%27%3E%3Crect%20width%3D%271800%27%20height%3D%271200%27%20fill-opacity%3D%220%22%2F%3E%3C%2Fsvg%3E\" data-orig-src=\"https:\/\/www.ff-weppersdorf.at\/web\/wp-content\/uploads\/2026\/04\/florianiwandertag_034.jpg\" data-srcset=\"https:\/\/www.ff-weppersdorf.at\/web\/wp-content\/uploads\/2026\/04\/florianiwandertag_034-200x133.jpg 200w, https:\/\/www.ff-weppersdorf.at\/web\/wp-content\/uploads\/2026\/04\/florianiwandertag_034-400x267.jpg 400w, https:\/\/www.ff-weppersdorf.at\/web\/wp-content\/uploads\/2026\/04\/florianiwandertag_034-600x400.jpg 600w, https:\/\/www.ff-weppersdorf.at\/web\/wp-content\/uploads\/2026\/04\/florianiwandertag_034-768x512.jpg 768w, https:\/\/www.ff-weppersdorf.at\/web\/wp-content\/uploads\/2026\/04\/florianiwandertag_034-800x533.jpg 800w, https:\/\/www.ff-weppersdorf.at\/web\/wp-content\/uploads\/2026\/04\/florianiwandertag_034-1200x800.jpg 1200w, https:\/\/www.ff-weppersdorf.at\/web\/wp-content\/uploads\/2026\/04\/florianiwandertag_034-1536x1024.jpg 1536w, https:\/\/www.ff-weppersdorf.at\/web\/wp-content\/uploads\/2026\/04\/florianiwandertag_034.jpg 1800w\" data-sizes=\"auto\" \/><\/a>\n\t\t\t<\/dt><\/dl><dl class='gallery-item'>\n\t\t\t<dt class='gallery-icon landscape'>\n\t\t\t\t<a data-rel=\"iLightbox[postimages]\" data-title=\"florianiwandertag_035\" data-caption=\"\" href='https:\/\/www.ff-weppersdorf.at\/web\/wp-content\/uploads\/2026\/04\/florianiwandertag_035.jpg'><img decoding=\"async\" width=\"128\" height=\"85\" src=\"https:\/\/www.ff-weppersdorf.at\/web\/wp-content\/uploads\/2026\/04\/florianiwandertag_035.jpg\" class=\"attachment-thumbnail size-thumbnail lazyload\" alt=\"\" srcset=\"data:image\/svg+xml,%3Csvg%20xmlns%3D%27http%3A%2F%2Fwww.w3.org%2F2000%2Fsvg%27%20width%3D%271800%27%20height%3D%271200%27%20viewBox%3D%270%200%201800%201200%27%3E%3Crect%20width%3D%271800%27%20height%3D%271200%27%20fill-opacity%3D%220%22%2F%3E%3C%2Fsvg%3E\" data-orig-src=\"https:\/\/www.ff-weppersdorf.at\/web\/wp-content\/uploads\/2026\/04\/florianiwandertag_035.jpg\" data-srcset=\"https:\/\/www.ff-weppersdorf.at\/web\/wp-content\/uploads\/2026\/04\/florianiwandertag_035-200x133.jpg 200w, https:\/\/www.ff-weppersdorf.at\/web\/wp-content\/uploads\/2026\/04\/florianiwandertag_035-400x267.jpg 400w, https:\/\/www.ff-weppersdorf.at\/web\/wp-content\/uploads\/2026\/04\/florianiwandertag_035-600x400.jpg 600w, https:\/\/www.ff-weppersdorf.at\/web\/wp-content\/uploads\/2026\/04\/florianiwandertag_035-768x512.jpg 768w, https:\/\/www.ff-weppersdorf.at\/web\/wp-content\/uploads\/2026\/04\/florianiwandertag_035-800x533.jpg 800w, https:\/\/www.ff-weppersdorf.at\/web\/wp-content\/uploads\/2026\/04\/florianiwandertag_035-1200x800.jpg 1200w, https:\/\/www.ff-weppersdorf.at\/web\/wp-content\/uploads\/2026\/04\/florianiwandertag_035-1536x1024.jpg 1536w, https:\/\/www.ff-weppersdorf.at\/web\/wp-content\/uploads\/2026\/04\/florianiwandertag_035.jpg 1800w\" data-sizes=\"auto\" \/><\/a>\n\t\t\t<\/dt><\/dl><dl class='gallery-item'>\n\t\t\t<dt class='gallery-icon landscape'>\n\t\t\t\t<a data-rel=\"iLightbox[postimages]\" data-title=\"florianiwandertag_036\" data-caption=\"\" href='https:\/\/www.ff-weppersdorf.at\/web\/wp-content\/uploads\/2026\/04\/florianiwandertag_036.jpg'><img decoding=\"async\" width=\"128\" height=\"85\" src=\"https:\/\/www.ff-weppersdorf.at\/web\/wp-content\/uploads\/2026\/04\/florianiwandertag_036.jpg\" class=\"attachment-thumbnail size-thumbnail lazyload\" alt=\"\" srcset=\"data:image\/svg+xml,%3Csvg%20xmlns%3D%27http%3A%2F%2Fwww.w3.org%2F2000%2Fsvg%27%20width%3D%271800%27%20height%3D%271200%27%20viewBox%3D%270%200%201800%201200%27%3E%3Crect%20width%3D%271800%27%20height%3D%271200%27%20fill-opacity%3D%220%22%2F%3E%3C%2Fsvg%3E\" data-orig-src=\"https:\/\/www.ff-weppersdorf.at\/web\/wp-content\/uploads\/2026\/04\/florianiwandertag_036.jpg\" data-srcset=\"https:\/\/www.ff-weppersdorf.at\/web\/wp-content\/uploads\/2026\/04\/florianiwandertag_036-200x133.jpg 200w, https:\/\/www.ff-weppersdorf.at\/web\/wp-content\/uploads\/2026\/04\/florianiwandertag_036-400x267.jpg 400w, https:\/\/www.ff-weppersdorf.at\/web\/wp-content\/uploads\/2026\/04\/florianiwandertag_036-600x400.jpg 600w, https:\/\/www.ff-weppersdorf.at\/web\/wp-content\/uploads\/2026\/04\/florianiwandertag_036-768x512.jpg 768w, https:\/\/www.ff-weppersdorf.at\/web\/wp-content\/uploads\/2026\/04\/florianiwandertag_036-800x533.jpg 800w, https:\/\/www.ff-weppersdorf.at\/web\/wp-content\/uploads\/2026\/04\/florianiwandertag_036-1200x800.jpg 1200w, https:\/\/www.ff-weppersdorf.at\/web\/wp-content\/uploads\/2026\/04\/florianiwandertag_036-1536x1024.jpg 1536w, https:\/\/www.ff-weppersdorf.at\/web\/wp-content\/uploads\/2026\/04\/florianiwandertag_036.jpg 1800w\" data-sizes=\"auto\" \/><\/a>\n\t\t\t<\/dt><\/dl><dl class='gallery-item'>\n\t\t\t<dt class='gallery-icon landscape'>\n\t\t\t\t<a data-rel=\"iLightbox[postimages]\" data-title=\"florianiwandertag_037\" data-caption=\"\" href='https:\/\/www.ff-weppersdorf.at\/web\/wp-content\/uploads\/2026\/04\/florianiwandertag_037.jpg'><img decoding=\"async\" width=\"128\" height=\"85\" src=\"https:\/\/www.ff-weppersdorf.at\/web\/wp-content\/uploads\/2026\/04\/florianiwandertag_037.jpg\" class=\"attachment-thumbnail size-thumbnail lazyload\" alt=\"\" srcset=\"data:image\/svg+xml,%3Csvg%20xmlns%3D%27http%3A%2F%2Fwww.w3.org%2F2000%2Fsvg%27%20width%3D%271800%27%20height%3D%271200%27%20viewBox%3D%270%200%201800%201200%27%3E%3Crect%20width%3D%271800%27%20height%3D%271200%27%20fill-opacity%3D%220%22%2F%3E%3C%2Fsvg%3E\" data-orig-src=\"https:\/\/www.ff-weppersdorf.at\/web\/wp-content\/uploads\/2026\/04\/florianiwandertag_037.jpg\" data-srcset=\"https:\/\/www.ff-weppersdorf.at\/web\/wp-content\/uploads\/2026\/04\/florianiwandertag_037-200x133.jpg 200w, https:\/\/www.ff-weppersdorf.at\/web\/wp-content\/uploads\/2026\/04\/florianiwandertag_037-400x267.jpg 400w, https:\/\/www.ff-weppersdorf.at\/web\/wp-content\/uploads\/2026\/04\/florianiwandertag_037-600x400.jpg 600w, https:\/\/www.ff-weppersdorf.at\/web\/wp-content\/uploads\/2026\/04\/florianiwandertag_037-768x512.jpg 768w, https:\/\/www.ff-weppersdorf.at\/web\/wp-content\/uploads\/2026\/04\/florianiwandertag_037-800x533.jpg 800w, https:\/\/www.ff-weppersdorf.at\/web\/wp-content\/uploads\/2026\/04\/florianiwandertag_037-1200x800.jpg 1200w, https:\/\/www.ff-weppersdorf.at\/web\/wp-content\/uploads\/2026\/04\/florianiwandertag_037-1536x1024.jpg 1536w, https:\/\/www.ff-weppersdorf.at\/web\/wp-content\/uploads\/2026\/04\/florianiwandertag_037.jpg 1800w\" data-sizes=\"auto\" \/><\/a>\n\t\t\t<\/dt><\/dl><br style=\"clear: both\" \/><dl class='gallery-item'>\n\t\t\t<dt class='gallery-icon landscape'>\n\t\t\t\t<a data-rel=\"iLightbox[postimages]\" data-title=\"florianiwandertag_038\" data-caption=\"\" href='https:\/\/www.ff-weppersdorf.at\/web\/wp-content\/uploads\/2026\/04\/florianiwandertag_038.jpg'><img decoding=\"async\" width=\"128\" height=\"85\" src=\"https:\/\/www.ff-weppersdorf.at\/web\/wp-content\/uploads\/2026\/04\/florianiwandertag_038.jpg\" class=\"attachment-thumbnail size-thumbnail lazyload\" alt=\"\" srcset=\"data:image\/svg+xml,%3Csvg%20xmlns%3D%27http%3A%2F%2Fwww.w3.org%2F2000%2Fsvg%27%20width%3D%271800%27%20height%3D%271200%27%20viewBox%3D%270%200%201800%201200%27%3E%3Crect%20width%3D%271800%27%20height%3D%271200%27%20fill-opacity%3D%220%22%2F%3E%3C%2Fsvg%3E\" data-orig-src=\"https:\/\/www.ff-weppersdorf.at\/web\/wp-content\/uploads\/2026\/04\/florianiwandertag_038.jpg\" data-srcset=\"https:\/\/www.ff-weppersdorf.at\/web\/wp-content\/uploads\/2026\/04\/florianiwandertag_038-200x133.jpg 200w, https:\/\/www.ff-weppersdorf.at\/web\/wp-content\/uploads\/2026\/04\/florianiwandertag_038-400x267.jpg 400w, https:\/\/www.ff-weppersdorf.at\/web\/wp-content\/uploads\/2026\/04\/florianiwandertag_038-600x400.jpg 600w, https:\/\/www.ff-weppersdorf.at\/web\/wp-content\/uploads\/2026\/04\/florianiwandertag_038-768x512.jpg 768w, https:\/\/www.ff-weppersdorf.at\/web\/wp-content\/uploads\/2026\/04\/florianiwandertag_038-800x533.jpg 800w, https:\/\/www.ff-weppersdorf.at\/web\/wp-content\/uploads\/2026\/04\/florianiwandertag_038-1200x800.jpg 1200w, https:\/\/www.ff-weppersdorf.at\/web\/wp-content\/uploads\/2026\/04\/florianiwandertag_038-1536x1024.jpg 1536w, https:\/\/www.ff-weppersdorf.at\/web\/wp-content\/uploads\/2026\/04\/florianiwandertag_038.jpg 1800w\" data-sizes=\"auto\" \/><\/a>\n\t\t\t<\/dt><\/dl><dl class='gallery-item'>\n\t\t\t<dt class='gallery-icon landscape'>\n\t\t\t\t<a data-rel=\"iLightbox[postimages]\" data-title=\"florianiwandertag_039\" data-caption=\"\" href='https:\/\/www.ff-weppersdorf.at\/web\/wp-content\/uploads\/2026\/04\/florianiwandertag_039.jpg'><img decoding=\"async\" width=\"128\" height=\"85\" src=\"https:\/\/www.ff-weppersdorf.at\/web\/wp-content\/uploads\/2026\/04\/florianiwandertag_039.jpg\" class=\"attachment-thumbnail size-thumbnail lazyload\" alt=\"\" srcset=\"data:image\/svg+xml,%3Csvg%20xmlns%3D%27http%3A%2F%2Fwww.w3.org%2F2000%2Fsvg%27%20width%3D%271800%27%20height%3D%271200%27%20viewBox%3D%270%200%201800%201200%27%3E%3Crect%20width%3D%271800%27%20height%3D%271200%27%20fill-opacity%3D%220%22%2F%3E%3C%2Fsvg%3E\" data-orig-src=\"https:\/\/www.ff-weppersdorf.at\/web\/wp-content\/uploads\/2026\/04\/florianiwandertag_039.jpg\" data-srcset=\"https:\/\/www.ff-weppersdorf.at\/web\/wp-content\/uploads\/2026\/04\/florianiwandertag_039-200x133.jpg 200w, https:\/\/www.ff-weppersdorf.at\/web\/wp-content\/uploads\/2026\/04\/florianiwandertag_039-400x267.jpg 400w, https:\/\/www.ff-weppersdorf.at\/web\/wp-content\/uploads\/2026\/04\/florianiwandertag_039-600x400.jpg 600w, https:\/\/www.ff-weppersdorf.at\/web\/wp-content\/uploads\/2026\/04\/florianiwandertag_039-768x512.jpg 768w, https:\/\/www.ff-weppersdorf.at\/web\/wp-content\/uploads\/2026\/04\/florianiwandertag_039-800x533.jpg 800w, https:\/\/www.ff-weppersdorf.at\/web\/wp-content\/uploads\/2026\/04\/florianiwandertag_039-1200x800.jpg 1200w, https:\/\/www.ff-weppersdorf.at\/web\/wp-content\/uploads\/2026\/04\/florianiwandertag_039-1536x1024.jpg 1536w, https:\/\/www.ff-weppersdorf.at\/web\/wp-content\/uploads\/2026\/04\/florianiwandertag_039.jpg 1800w\" data-sizes=\"auto\" \/><\/a>\n\t\t\t<\/dt><\/dl><dl class='gallery-item'>\n\t\t\t<dt class='gallery-icon portrait'>\n\t\t\t\t<a data-rel=\"iLightbox[postimages]\" data-title=\"florianiwandertag_040\" data-caption=\"\" href='https:\/\/www.ff-weppersdorf.at\/web\/wp-content\/uploads\/2026\/04\/florianiwandertag_040.jpg'><img decoding=\"async\" width=\"64\" height=\"96\" src=\"https:\/\/www.ff-weppersdorf.at\/web\/wp-content\/uploads\/2026\/04\/florianiwandertag_040.jpg\" class=\"attachment-thumbnail size-thumbnail lazyload\" alt=\"\" srcset=\"data:image\/svg+xml,%3Csvg%20xmlns%3D%27http%3A%2F%2Fwww.w3.org%2F2000%2Fsvg%27%20width%3D%271200%27%20height%3D%271800%27%20viewBox%3D%270%200%201200%201800%27%3E%3Crect%20width%3D%271200%27%20height%3D%271800%27%20fill-opacity%3D%220%22%2F%3E%3C%2Fsvg%3E\" data-orig-src=\"https:\/\/www.ff-weppersdorf.at\/web\/wp-content\/uploads\/2026\/04\/florianiwandertag_040.jpg\" data-srcset=\"https:\/\/www.ff-weppersdorf.at\/web\/wp-content\/uploads\/2026\/04\/florianiwandertag_040-200x300.jpg 200w, https:\/\/www.ff-weppersdorf.at\/web\/wp-content\/uploads\/2026\/04\/florianiwandertag_040-400x600.jpg 400w, https:\/\/www.ff-weppersdorf.at\/web\/wp-content\/uploads\/2026\/04\/florianiwandertag_040-600x900.jpg 600w, https:\/\/www.ff-weppersdorf.at\/web\/wp-content\/uploads\/2026\/04\/florianiwandertag_040-768x1152.jpg 768w, https:\/\/www.ff-weppersdorf.at\/web\/wp-content\/uploads\/2026\/04\/florianiwandertag_040-800x1200.jpg 800w, https:\/\/www.ff-weppersdorf.at\/web\/wp-content\/uploads\/2026\/04\/florianiwandertag_040-1024x1536.jpg 1024w, https:\/\/www.ff-weppersdorf.at\/web\/wp-content\/uploads\/2026\/04\/florianiwandertag_040.jpg 1200w\" data-sizes=\"auto\" \/><\/a>\n\t\t\t<\/dt><\/dl><dl class='gallery-item'>\n\t\t\t<dt class='gallery-icon portrait'>\n\t\t\t\t<a data-rel=\"iLightbox[postimages]\" data-title=\"florianiwandertag_041\" data-caption=\"\" href='https:\/\/www.ff-weppersdorf.at\/web\/wp-content\/uploads\/2026\/04\/florianiwandertag_041.jpg'><img decoding=\"async\" width=\"64\" height=\"96\" src=\"https:\/\/www.ff-weppersdorf.at\/web\/wp-content\/uploads\/2026\/04\/florianiwandertag_041.jpg\" class=\"attachment-thumbnail size-thumbnail lazyload\" alt=\"\" srcset=\"data:image\/svg+xml,%3Csvg%20xmlns%3D%27http%3A%2F%2Fwww.w3.org%2F2000%2Fsvg%27%20width%3D%27800%27%20height%3D%271200%27%20viewBox%3D%270%200%20800%201200%27%3E%3Crect%20width%3D%27800%27%20height%3D%271200%27%20fill-opacity%3D%220%22%2F%3E%3C%2Fsvg%3E\" data-orig-src=\"https:\/\/www.ff-weppersdorf.at\/web\/wp-content\/uploads\/2026\/04\/florianiwandertag_041.jpg\" data-srcset=\"https:\/\/www.ff-weppersdorf.at\/web\/wp-content\/uploads\/2026\/04\/florianiwandertag_041-200x300.jpg 200w, https:\/\/www.ff-weppersdorf.at\/web\/wp-content\/uploads\/2026\/04\/florianiwandertag_041-400x600.jpg 400w, https:\/\/www.ff-weppersdorf.at\/web\/wp-content\/uploads\/2026\/04\/florianiwandertag_041-600x900.jpg 600w, https:\/\/www.ff-weppersdorf.at\/web\/wp-content\/uploads\/2026\/04\/florianiwandertag_041-768x1152.jpg 768w, https:\/\/www.ff-weppersdorf.at\/web\/wp-content\/uploads\/2026\/04\/florianiwandertag_041.jpg 800w\" data-sizes=\"auto\" \/><\/a>\n\t\t\t<\/dt><\/dl><br style=\"clear: both\" \/><dl class='gallery-item'>\n\t\t\t<dt class='gallery-icon portrait'>\n\t\t\t\t<a data-rel=\"iLightbox[postimages]\" data-title=\"florianiwandertag_042\" data-caption=\"\" href='https:\/\/www.ff-weppersdorf.at\/web\/wp-content\/uploads\/2026\/04\/florianiwandertag_042.jpg'><img decoding=\"async\" width=\"64\" height=\"96\" src=\"https:\/\/www.ff-weppersdorf.at\/web\/wp-content\/uploads\/2026\/04\/florianiwandertag_042.jpg\" class=\"attachment-thumbnail size-thumbnail lazyload\" alt=\"\" srcset=\"data:image\/svg+xml,%3Csvg%20xmlns%3D%27http%3A%2F%2Fwww.w3.org%2F2000%2Fsvg%27%20width%3D%27800%27%20height%3D%271200%27%20viewBox%3D%270%200%20800%201200%27%3E%3Crect%20width%3D%27800%27%20height%3D%271200%27%20fill-opacity%3D%220%22%2F%3E%3C%2Fsvg%3E\" data-orig-src=\"https:\/\/www.ff-weppersdorf.at\/web\/wp-content\/uploads\/2026\/04\/florianiwandertag_042.jpg\" data-srcset=\"https:\/\/www.ff-weppersdorf.at\/web\/wp-content\/uploads\/2026\/04\/florianiwandertag_042-200x300.jpg 200w, https:\/\/www.ff-weppersdorf.at\/web\/wp-content\/uploads\/2026\/04\/florianiwandertag_042-400x600.jpg 400w, https:\/\/www.ff-weppersdorf.at\/web\/wp-content\/uploads\/2026\/04\/florianiwandertag_042-600x900.jpg 600w, https:\/\/www.ff-weppersdorf.at\/web\/wp-content\/uploads\/2026\/04\/florianiwandertag_042-768x1152.jpg 768w, https:\/\/www.ff-weppersdorf.at\/web\/wp-content\/uploads\/2026\/04\/florianiwandertag_042.jpg 800w\" data-sizes=\"auto\" \/><\/a>\n\t\t\t<\/dt><\/dl><dl class='gallery-item'>\n\t\t\t<dt class='gallery-icon landscape'>\n\t\t\t\t<a data-rel=\"iLightbox[postimages]\" data-title=\"florianiwandertag_043\" data-caption=\"\" href='https:\/\/www.ff-weppersdorf.at\/web\/wp-content\/uploads\/2026\/04\/florianiwandertag_043.jpg'><img decoding=\"async\" width=\"128\" height=\"85\" src=\"https:\/\/www.ff-weppersdorf.at\/web\/wp-content\/uploads\/2026\/04\/florianiwandertag_043.jpg\" class=\"attachment-thumbnail size-thumbnail lazyload\" alt=\"\" srcset=\"data:image\/svg+xml,%3Csvg%20xmlns%3D%27http%3A%2F%2Fwww.w3.org%2F2000%2Fsvg%27%20width%3D%271800%27%20height%3D%271200%27%20viewBox%3D%270%200%201800%201200%27%3E%3Crect%20width%3D%271800%27%20height%3D%271200%27%20fill-opacity%3D%220%22%2F%3E%3C%2Fsvg%3E\" data-orig-src=\"https:\/\/www.ff-weppersdorf.at\/web\/wp-content\/uploads\/2026\/04\/florianiwandertag_043.jpg\" data-srcset=\"https:\/\/www.ff-weppersdorf.at\/web\/wp-content\/uploads\/2026\/04\/florianiwandertag_043-200x133.jpg 200w, https:\/\/www.ff-weppersdorf.at\/web\/wp-content\/uploads\/2026\/04\/florianiwandertag_043-400x267.jpg 400w, https:\/\/www.ff-weppersdorf.at\/web\/wp-content\/uploads\/2026\/04\/florianiwandertag_043-600x400.jpg 600w, https:\/\/www.ff-weppersdorf.at\/web\/wp-content\/uploads\/2026\/04\/florianiwandertag_043-768x512.jpg 768w, https:\/\/www.ff-weppersdorf.at\/web\/wp-content\/uploads\/2026\/04\/florianiwandertag_043-800x533.jpg 800w, https:\/\/www.ff-weppersdorf.at\/web\/wp-content\/uploads\/2026\/04\/florianiwandertag_043-1200x800.jpg 1200w, https:\/\/www.ff-weppersdorf.at\/web\/wp-content\/uploads\/2026\/04\/florianiwandertag_043-1536x1024.jpg 1536w, https:\/\/www.ff-weppersdorf.at\/web\/wp-content\/uploads\/2026\/04\/florianiwandertag_043.jpg 1800w\" data-sizes=\"auto\" \/><\/a>\n\t\t\t<\/dt><\/dl><dl class='gallery-item'>\n\t\t\t<dt class='gallery-icon landscape'>\n\t\t\t\t<a data-rel=\"iLightbox[postimages]\" data-title=\"florianiwandertag_044\" data-caption=\"\" href='https:\/\/www.ff-weppersdorf.at\/web\/wp-content\/uploads\/2026\/04\/florianiwandertag_044.jpg'><img decoding=\"async\" width=\"128\" height=\"85\" src=\"https:\/\/www.ff-weppersdorf.at\/web\/wp-content\/uploads\/2026\/04\/florianiwandertag_044.jpg\" class=\"attachment-thumbnail size-thumbnail lazyload\" alt=\"\" srcset=\"data:image\/svg+xml,%3Csvg%20xmlns%3D%27http%3A%2F%2Fwww.w3.org%2F2000%2Fsvg%27%20width%3D%271800%27%20height%3D%271200%27%20viewBox%3D%270%200%201800%201200%27%3E%3Crect%20width%3D%271800%27%20height%3D%271200%27%20fill-opacity%3D%220%22%2F%3E%3C%2Fsvg%3E\" data-orig-src=\"https:\/\/www.ff-weppersdorf.at\/web\/wp-content\/uploads\/2026\/04\/florianiwandertag_044.jpg\" data-srcset=\"https:\/\/www.ff-weppersdorf.at\/web\/wp-content\/uploads\/2026\/04\/florianiwandertag_044-200x133.jpg 200w, https:\/\/www.ff-weppersdorf.at\/web\/wp-content\/uploads\/2026\/04\/florianiwandertag_044-400x267.jpg 400w, https:\/\/www.ff-weppersdorf.at\/web\/wp-content\/uploads\/2026\/04\/florianiwandertag_044-600x400.jpg 600w, https:\/\/www.ff-weppersdorf.at\/web\/wp-content\/uploads\/2026\/04\/florianiwandertag_044-768x512.jpg 768w, https:\/\/www.ff-weppersdorf.at\/web\/wp-content\/uploads\/2026\/04\/florianiwandertag_044-800x533.jpg 800w, https:\/\/www.ff-weppersdorf.at\/web\/wp-content\/uploads\/2026\/04\/florianiwandertag_044-1200x800.jpg 1200w, https:\/\/www.ff-weppersdorf.at\/web\/wp-content\/uploads\/2026\/04\/florianiwandertag_044-1536x1024.jpg 1536w, https:\/\/www.ff-weppersdorf.at\/web\/wp-content\/uploads\/2026\/04\/florianiwandertag_044.jpg 1800w\" data-sizes=\"auto\" \/><\/a>\n\t\t\t<\/dt><\/dl><dl class='gallery-item'>\n\t\t\t<dt class='gallery-icon landscape'>\n\t\t\t\t<a data-rel=\"iLightbox[postimages]\" data-title=\"florianiwandertag_045\" data-caption=\"\" href='https:\/\/www.ff-weppersdorf.at\/web\/wp-content\/uploads\/2026\/04\/florianiwandertag_045.jpg'><img decoding=\"async\" width=\"128\" height=\"85\" src=\"https:\/\/www.ff-weppersdorf.at\/web\/wp-content\/uploads\/2026\/04\/florianiwandertag_045.jpg\" class=\"attachment-thumbnail size-thumbnail lazyload\" alt=\"\" srcset=\"data:image\/svg+xml,%3Csvg%20xmlns%3D%27http%3A%2F%2Fwww.w3.org%2F2000%2Fsvg%27%20width%3D%271800%27%20height%3D%271200%27%20viewBox%3D%270%200%201800%201200%27%3E%3Crect%20width%3D%271800%27%20height%3D%271200%27%20fill-opacity%3D%220%22%2F%3E%3C%2Fsvg%3E\" data-orig-src=\"https:\/\/www.ff-weppersdorf.at\/web\/wp-content\/uploads\/2026\/04\/florianiwandertag_045.jpg\" data-srcset=\"https:\/\/www.ff-weppersdorf.at\/web\/wp-content\/uploads\/2026\/04\/florianiwandertag_045-200x133.jpg 200w, https:\/\/www.ff-weppersdorf.at\/web\/wp-content\/uploads\/2026\/04\/florianiwandertag_045-400x267.jpg 400w, https:\/\/www.ff-weppersdorf.at\/web\/wp-content\/uploads\/2026\/04\/florianiwandertag_045-600x400.jpg 600w, https:\/\/www.ff-weppersdorf.at\/web\/wp-content\/uploads\/2026\/04\/florianiwandertag_045-768x512.jpg 768w, https:\/\/www.ff-weppersdorf.at\/web\/wp-content\/uploads\/2026\/04\/florianiwandertag_045-800x533.jpg 800w, https:\/\/www.ff-weppersdorf.at\/web\/wp-content\/uploads\/2026\/04\/florianiwandertag_045-1200x800.jpg 1200w, https:\/\/www.ff-weppersdorf.at\/web\/wp-content\/uploads\/2026\/04\/florianiwandertag_045-1536x1024.jpg 1536w, https:\/\/www.ff-weppersdorf.at\/web\/wp-content\/uploads\/2026\/04\/florianiwandertag_045.jpg 1800w\" data-sizes=\"auto\" \/><\/a>\n\t\t\t<\/dt><\/dl><br style=\"clear: both\" \/><dl class='gallery-item'>\n\t\t\t<dt class='gallery-icon landscape'>\n\t\t\t\t<a data-rel=\"iLightbox[postimages]\" data-title=\"florianiwandertag_046\" data-caption=\"\" href='https:\/\/www.ff-weppersdorf.at\/web\/wp-content\/uploads\/2026\/04\/florianiwandertag_046.jpg'><img decoding=\"async\" width=\"128\" height=\"85\" src=\"https:\/\/www.ff-weppersdorf.at\/web\/wp-content\/uploads\/2026\/04\/florianiwandertag_046.jpg\" class=\"attachment-thumbnail size-thumbnail lazyload\" alt=\"\" srcset=\"data:image\/svg+xml,%3Csvg%20xmlns%3D%27http%3A%2F%2Fwww.w3.org%2F2000%2Fsvg%27%20width%3D%271800%27%20height%3D%271200%27%20viewBox%3D%270%200%201800%201200%27%3E%3Crect%20width%3D%271800%27%20height%3D%271200%27%20fill-opacity%3D%220%22%2F%3E%3C%2Fsvg%3E\" data-orig-src=\"https:\/\/www.ff-weppersdorf.at\/web\/wp-content\/uploads\/2026\/04\/florianiwandertag_046.jpg\" data-srcset=\"https:\/\/www.ff-weppersdorf.at\/web\/wp-content\/uploads\/2026\/04\/florianiwandertag_046-200x133.jpg 200w, https:\/\/www.ff-weppersdorf.at\/web\/wp-content\/uploads\/2026\/04\/florianiwandertag_046-400x267.jpg 400w, https:\/\/www.ff-weppersdorf.at\/web\/wp-content\/uploads\/2026\/04\/florianiwandertag_046-600x400.jpg 600w, https:\/\/www.ff-weppersdorf.at\/web\/wp-content\/uploads\/2026\/04\/florianiwandertag_046-768x512.jpg 768w, https:\/\/www.ff-weppersdorf.at\/web\/wp-content\/uploads\/2026\/04\/florianiwandertag_046-800x533.jpg 800w, https:\/\/www.ff-weppersdorf.at\/web\/wp-content\/uploads\/2026\/04\/florianiwandertag_046-1200x800.jpg 1200w, https:\/\/www.ff-weppersdorf.at\/web\/wp-content\/uploads\/2026\/04\/florianiwandertag_046-1536x1024.jpg 1536w, https:\/\/www.ff-weppersdorf.at\/web\/wp-content\/uploads\/2026\/04\/florianiwandertag_046.jpg 1800w\" data-sizes=\"auto\" \/><\/a>\n\t\t\t<\/dt><\/dl><dl class='gallery-item'>\n\t\t\t<dt class='gallery-icon landscape'>\n\t\t\t\t<a data-rel=\"iLightbox[postimages]\" data-title=\"florianiwandertag_047\" data-caption=\"\" href='https:\/\/www.ff-weppersdorf.at\/web\/wp-content\/uploads\/2026\/04\/florianiwandertag_047.jpg'><img decoding=\"async\" width=\"128\" height=\"85\" src=\"https:\/\/www.ff-weppersdorf.at\/web\/wp-content\/uploads\/2026\/04\/florianiwandertag_047.jpg\" class=\"attachment-thumbnail size-thumbnail lazyload\" alt=\"\" srcset=\"data:image\/svg+xml,%3Csvg%20xmlns%3D%27http%3A%2F%2Fwww.w3.org%2F2000%2Fsvg%27%20width%3D%271800%27%20height%3D%271200%27%20viewBox%3D%270%200%201800%201200%27%3E%3Crect%20width%3D%271800%27%20height%3D%271200%27%20fill-opacity%3D%220%22%2F%3E%3C%2Fsvg%3E\" data-orig-src=\"https:\/\/www.ff-weppersdorf.at\/web\/wp-content\/uploads\/2026\/04\/florianiwandertag_047.jpg\" data-srcset=\"https:\/\/www.ff-weppersdorf.at\/web\/wp-content\/uploads\/2026\/04\/florianiwandertag_047-200x133.jpg 200w, https:\/\/www.ff-weppersdorf.at\/web\/wp-content\/uploads\/2026\/04\/florianiwandertag_047-400x267.jpg 400w, https:\/\/www.ff-weppersdorf.at\/web\/wp-content\/uploads\/2026\/04\/florianiwandertag_047-600x400.jpg 600w, https:\/\/www.ff-weppersdorf.at\/web\/wp-content\/uploads\/2026\/04\/florianiwandertag_047-768x512.jpg 768w, https:\/\/www.ff-weppersdorf.at\/web\/wp-content\/uploads\/2026\/04\/florianiwandertag_047-800x533.jpg 800w, https:\/\/www.ff-weppersdorf.at\/web\/wp-content\/uploads\/2026\/04\/florianiwandertag_047-1200x800.jpg 1200w, https:\/\/www.ff-weppersdorf.at\/web\/wp-content\/uploads\/2026\/04\/florianiwandertag_047-1536x1024.jpg 1536w, https:\/\/www.ff-weppersdorf.at\/web\/wp-content\/uploads\/2026\/04\/florianiwandertag_047.jpg 1800w\" data-sizes=\"auto\" \/><\/a>\n\t\t\t<\/dt><\/dl><dl class='gallery-item'>\n\t\t\t<dt class='gallery-icon landscape'>\n\t\t\t\t<a data-rel=\"iLightbox[postimages]\" data-title=\"florianiwandertag_048\" data-caption=\"\" href='https:\/\/www.ff-weppersdorf.at\/web\/wp-content\/uploads\/2026\/04\/florianiwandertag_048.jpg'><img decoding=\"async\" width=\"128\" height=\"85\" src=\"https:\/\/www.ff-weppersdorf.at\/web\/wp-content\/uploads\/2026\/04\/florianiwandertag_048.jpg\" class=\"attachment-thumbnail size-thumbnail lazyload\" alt=\"\" srcset=\"data:image\/svg+xml,%3Csvg%20xmlns%3D%27http%3A%2F%2Fwww.w3.org%2F2000%2Fsvg%27%20width%3D%271800%27%20height%3D%271200%27%20viewBox%3D%270%200%201800%201200%27%3E%3Crect%20width%3D%271800%27%20height%3D%271200%27%20fill-opacity%3D%220%22%2F%3E%3C%2Fsvg%3E\" data-orig-src=\"https:\/\/www.ff-weppersdorf.at\/web\/wp-content\/uploads\/2026\/04\/florianiwandertag_048.jpg\" data-srcset=\"https:\/\/www.ff-weppersdorf.at\/web\/wp-content\/uploads\/2026\/04\/florianiwandertag_048-200x133.jpg 200w, https:\/\/www.ff-weppersdorf.at\/web\/wp-content\/uploads\/2026\/04\/florianiwandertag_048-400x267.jpg 400w, https:\/\/www.ff-weppersdorf.at\/web\/wp-content\/uploads\/2026\/04\/florianiwandertag_048-600x400.jpg 600w, https:\/\/www.ff-weppersdorf.at\/web\/wp-content\/uploads\/2026\/04\/florianiwandertag_048-768x512.jpg 768w, https:\/\/www.ff-weppersdorf.at\/web\/wp-content\/uploads\/2026\/04\/florianiwandertag_048-800x533.jpg 800w, https:\/\/www.ff-weppersdorf.at\/web\/wp-content\/uploads\/2026\/04\/florianiwandertag_048-1200x800.jpg 1200w, https:\/\/www.ff-weppersdorf.at\/web\/wp-content\/uploads\/2026\/04\/florianiwandertag_048-1536x1024.jpg 1536w, https:\/\/www.ff-weppersdorf.at\/web\/wp-content\/uploads\/2026\/04\/florianiwandertag_048.jpg 1800w\" data-sizes=\"auto\" \/><\/a>\n\t\t\t<\/dt><\/dl><dl class='gallery-item'>\n\t\t\t<dt class='gallery-icon landscape'>\n\t\t\t\t<a data-rel=\"iLightbox[postimages]\" data-title=\"florianiwandertag_049\" data-caption=\"\" href='https:\/\/www.ff-weppersdorf.at\/web\/wp-content\/uploads\/2026\/04\/florianiwandertag_049.jpg'><img decoding=\"async\" width=\"128\" height=\"71\" src=\"https:\/\/www.ff-weppersdorf.at\/web\/wp-content\/uploads\/2026\/04\/florianiwandertag_049.jpg\" class=\"attachment-thumbnail size-thumbnail lazyload\" alt=\"\" srcset=\"data:image\/svg+xml,%3Csvg%20xmlns%3D%27http%3A%2F%2Fwww.w3.org%2F2000%2Fsvg%27%20width%3D%271800%27%20height%3D%271000%27%20viewBox%3D%270%200%201800%201000%27%3E%3Crect%20width%3D%271800%27%20height%3D%271000%27%20fill-opacity%3D%220%22%2F%3E%3C%2Fsvg%3E\" data-orig-src=\"https:\/\/www.ff-weppersdorf.at\/web\/wp-content\/uploads\/2026\/04\/florianiwandertag_049.jpg\" data-srcset=\"https:\/\/www.ff-weppersdorf.at\/web\/wp-content\/uploads\/2026\/04\/florianiwandertag_049-200x111.jpg 200w, https:\/\/www.ff-weppersdorf.at\/web\/wp-content\/uploads\/2026\/04\/florianiwandertag_049-400x222.jpg 400w, https:\/\/www.ff-weppersdorf.at\/web\/wp-content\/uploads\/2026\/04\/florianiwandertag_049-600x333.jpg 600w, https:\/\/www.ff-weppersdorf.at\/web\/wp-content\/uploads\/2026\/04\/florianiwandertag_049-768x427.jpg 768w, https:\/\/www.ff-weppersdorf.at\/web\/wp-content\/uploads\/2026\/04\/florianiwandertag_049-800x444.jpg 800w, https:\/\/www.ff-weppersdorf.at\/web\/wp-content\/uploads\/2026\/04\/florianiwandertag_049-1200x667.jpg 1200w, https:\/\/www.ff-weppersdorf.at\/web\/wp-content\/uploads\/2026\/04\/florianiwandertag_049-1536x853.jpg 1536w, https:\/\/www.ff-weppersdorf.at\/web\/wp-content\/uploads\/2026\/04\/florianiwandertag_049.jpg 1800w\" data-sizes=\"auto\" \/><\/a>\n\t\t\t<\/dt><\/dl><br style=\"clear: both\" \/><dl class='gallery-item'>\n\t\t\t<dt class='gallery-icon portrait'>\n\t\t\t\t<a data-rel=\"iLightbox[postimages]\" data-title=\"florianiwandertag_050\" data-caption=\"\" href='https:\/\/www.ff-weppersdorf.at\/web\/wp-content\/uploads\/2026\/04\/florianiwandertag_050.jpg'><img decoding=\"async\" width=\"64\" height=\"96\" src=\"https:\/\/www.ff-weppersdorf.at\/web\/wp-content\/uploads\/2026\/04\/florianiwandertag_050.jpg\" class=\"attachment-thumbnail size-thumbnail lazyload\" alt=\"\" srcset=\"data:image\/svg+xml,%3Csvg%20xmlns%3D%27http%3A%2F%2Fwww.w3.org%2F2000%2Fsvg%27%20width%3D%271200%27%20height%3D%271800%27%20viewBox%3D%270%200%201200%201800%27%3E%3Crect%20width%3D%271200%27%20height%3D%271800%27%20fill-opacity%3D%220%22%2F%3E%3C%2Fsvg%3E\" data-orig-src=\"https:\/\/www.ff-weppersdorf.at\/web\/wp-content\/uploads\/2026\/04\/florianiwandertag_050.jpg\" data-srcset=\"https:\/\/www.ff-weppersdorf.at\/web\/wp-content\/uploads\/2026\/04\/florianiwandertag_050-200x300.jpg 200w, https:\/\/www.ff-weppersdorf.at\/web\/wp-content\/uploads\/2026\/04\/florianiwandertag_050-400x600.jpg 400w, https:\/\/www.ff-weppersdorf.at\/web\/wp-content\/uploads\/2026\/04\/florianiwandertag_050-600x900.jpg 600w, https:\/\/www.ff-weppersdorf.at\/web\/wp-content\/uploads\/2026\/04\/florianiwandertag_050-768x1152.jpg 768w, https:\/\/www.ff-weppersdorf.at\/web\/wp-content\/uploads\/2026\/04\/florianiwandertag_050-800x1200.jpg 800w, https:\/\/www.ff-weppersdorf.at\/web\/wp-content\/uploads\/2026\/04\/florianiwandertag_050-1024x1536.jpg 1024w, https:\/\/www.ff-weppersdorf.at\/web\/wp-content\/uploads\/2026\/04\/florianiwandertag_050.jpg 1200w\" data-sizes=\"auto\" \/><\/a>\n\t\t\t<\/dt><\/dl><dl class='gallery-item'>\n\t\t\t<dt class='gallery-icon landscape'>\n\t\t\t\t<a data-rel=\"iLightbox[postimages]\" data-title=\"florianiwandertag_051\" data-caption=\"\" href='https:\/\/www.ff-weppersdorf.at\/web\/wp-content\/uploads\/2026\/04\/florianiwandertag_051.jpg'><img decoding=\"async\" width=\"128\" height=\"85\" src=\"https:\/\/www.ff-weppersdorf.at\/web\/wp-content\/uploads\/2026\/04\/florianiwandertag_051.jpg\" class=\"attachment-thumbnail size-thumbnail lazyload\" alt=\"\" srcset=\"data:image\/svg+xml,%3Csvg%20xmlns%3D%27http%3A%2F%2Fwww.w3.org%2F2000%2Fsvg%27%20width%3D%271800%27%20height%3D%271200%27%20viewBox%3D%270%200%201800%201200%27%3E%3Crect%20width%3D%271800%27%20height%3D%271200%27%20fill-opacity%3D%220%22%2F%3E%3C%2Fsvg%3E\" data-orig-src=\"https:\/\/www.ff-weppersdorf.at\/web\/wp-content\/uploads\/2026\/04\/florianiwandertag_051.jpg\" data-srcset=\"https:\/\/www.ff-weppersdorf.at\/web\/wp-content\/uploads\/2026\/04\/florianiwandertag_051-200x133.jpg 200w, https:\/\/www.ff-weppersdorf.at\/web\/wp-content\/uploads\/2026\/04\/florianiwandertag_051-400x267.jpg 400w, https:\/\/www.ff-weppersdorf.at\/web\/wp-content\/uploads\/2026\/04\/florianiwandertag_051-600x400.jpg 600w, https:\/\/www.ff-weppersdorf.at\/web\/wp-content\/uploads\/2026\/04\/florianiwandertag_051-768x512.jpg 768w, https:\/\/www.ff-weppersdorf.at\/web\/wp-content\/uploads\/2026\/04\/florianiwandertag_051-800x533.jpg 800w, https:\/\/www.ff-weppersdorf.at\/web\/wp-content\/uploads\/2026\/04\/florianiwandertag_051-1200x800.jpg 1200w, https:\/\/www.ff-weppersdorf.at\/web\/wp-content\/uploads\/2026\/04\/florianiwandertag_051-1536x1024.jpg 1536w, https:\/\/www.ff-weppersdorf.at\/web\/wp-content\/uploads\/2026\/04\/florianiwandertag_051.jpg 1800w\" data-sizes=\"auto\" \/><\/a>\n\t\t\t<\/dt><\/dl><dl class='gallery-item'>\n\t\t\t<dt class='gallery-icon landscape'>\n\t\t\t\t<a data-rel=\"iLightbox[postimages]\" data-title=\"florianiwandertag_052\" data-caption=\"\" href='https:\/\/www.ff-weppersdorf.at\/web\/wp-content\/uploads\/2026\/04\/florianiwandertag_052.jpg'><img decoding=\"async\" width=\"128\" height=\"85\" src=\"https:\/\/www.ff-weppersdorf.at\/web\/wp-content\/uploads\/2026\/04\/florianiwandertag_052.jpg\" class=\"attachment-thumbnail size-thumbnail lazyload\" alt=\"\" srcset=\"data:image\/svg+xml,%3Csvg%20xmlns%3D%27http%3A%2F%2Fwww.w3.org%2F2000%2Fsvg%27%20width%3D%271800%27%20height%3D%271200%27%20viewBox%3D%270%200%201800%201200%27%3E%3Crect%20width%3D%271800%27%20height%3D%271200%27%20fill-opacity%3D%220%22%2F%3E%3C%2Fsvg%3E\" data-orig-src=\"https:\/\/www.ff-weppersdorf.at\/web\/wp-content\/uploads\/2026\/04\/florianiwandertag_052.jpg\" data-srcset=\"https:\/\/www.ff-weppersdorf.at\/web\/wp-content\/uploads\/2026\/04\/florianiwandertag_052-200x133.jpg 200w, https:\/\/www.ff-weppersdorf.at\/web\/wp-content\/uploads\/2026\/04\/florianiwandertag_052-400x267.jpg 400w, https:\/\/www.ff-weppersdorf.at\/web\/wp-content\/uploads\/2026\/04\/florianiwandertag_052-600x400.jpg 600w, https:\/\/www.ff-weppersdorf.at\/web\/wp-content\/uploads\/2026\/04\/florianiwandertag_052-768x512.jpg 768w, https:\/\/www.ff-weppersdorf.at\/web\/wp-content\/uploads\/2026\/04\/florianiwandertag_052-800x533.jpg 800w, https:\/\/www.ff-weppersdorf.at\/web\/wp-content\/uploads\/2026\/04\/florianiwandertag_052-1200x800.jpg 1200w, https:\/\/www.ff-weppersdorf.at\/web\/wp-content\/uploads\/2026\/04\/florianiwandertag_052-1536x1024.jpg 1536w, https:\/\/www.ff-weppersdorf.at\/web\/wp-content\/uploads\/2026\/04\/florianiwandertag_052.jpg 1800w\" data-sizes=\"auto\" \/><\/a>\n\t\t\t<\/dt><\/dl><dl class='gallery-item'>\n\t\t\t<dt class='gallery-icon landscape'>\n\t\t\t\t<a data-rel=\"iLightbox[postimages]\" data-title=\"florianiwandertag_053\" data-caption=\"\" href='https:\/\/www.ff-weppersdorf.at\/web\/wp-content\/uploads\/2026\/04\/florianiwandertag_053.jpg'><img decoding=\"async\" width=\"128\" height=\"85\" src=\"https:\/\/www.ff-weppersdorf.at\/web\/wp-content\/uploads\/2026\/04\/florianiwandertag_053.jpg\" class=\"attachment-thumbnail size-thumbnail lazyload\" alt=\"\" srcset=\"data:image\/svg+xml,%3Csvg%20xmlns%3D%27http%3A%2F%2Fwww.w3.org%2F2000%2Fsvg%27%20width%3D%271800%27%20height%3D%271200%27%20viewBox%3D%270%200%201800%201200%27%3E%3Crect%20width%3D%271800%27%20height%3D%271200%27%20fill-opacity%3D%220%22%2F%3E%3C%2Fsvg%3E\" data-orig-src=\"https:\/\/www.ff-weppersdorf.at\/web\/wp-content\/uploads\/2026\/04\/florianiwandertag_053.jpg\" data-srcset=\"https:\/\/www.ff-weppersdorf.at\/web\/wp-content\/uploads\/2026\/04\/florianiwandertag_053-200x133.jpg 200w, https:\/\/www.ff-weppersdorf.at\/web\/wp-content\/uploads\/2026\/04\/florianiwandertag_053-400x267.jpg 400w, https:\/\/www.ff-weppersdorf.at\/web\/wp-content\/uploads\/2026\/04\/florianiwandertag_053-600x400.jpg 600w, https:\/\/www.ff-weppersdorf.at\/web\/wp-content\/uploads\/2026\/04\/florianiwandertag_053-768x512.jpg 768w, https:\/\/www.ff-weppersdorf.at\/web\/wp-content\/uploads\/2026\/04\/florianiwandertag_053-800x533.jpg 800w, https:\/\/www.ff-weppersdorf.at\/web\/wp-content\/uploads\/2026\/04\/florianiwandertag_053-1200x800.jpg 1200w, https:\/\/www.ff-weppersdorf.at\/web\/wp-content\/uploads\/2026\/04\/florianiwandertag_053-1536x1024.jpg 1536w, https:\/\/www.ff-weppersdorf.at\/web\/wp-content\/uploads\/2026\/04\/florianiwandertag_053.jpg 1800w\" data-sizes=\"auto\" \/><\/a>\n\t\t\t<\/dt><\/dl><br style=\"clear: both\" \/><dl class='gallery-item'>\n\t\t\t<dt class='gallery-icon landscape'>\n\t\t\t\t<a data-rel=\"iLightbox[postimages]\" data-title=\"florianiwandertag_054\" data-caption=\"\" href='https:\/\/www.ff-weppersdorf.at\/web\/wp-content\/uploads\/2026\/04\/florianiwandertag_054.jpg'><img decoding=\"async\" width=\"128\" height=\"85\" src=\"https:\/\/www.ff-weppersdorf.at\/web\/wp-content\/uploads\/2026\/04\/florianiwandertag_054.jpg\" class=\"attachment-thumbnail size-thumbnail lazyload\" alt=\"\" srcset=\"data:image\/svg+xml,%3Csvg%20xmlns%3D%27http%3A%2F%2Fwww.w3.org%2F2000%2Fsvg%27%20width%3D%271800%27%20height%3D%271200%27%20viewBox%3D%270%200%201800%201200%27%3E%3Crect%20width%3D%271800%27%20height%3D%271200%27%20fill-opacity%3D%220%22%2F%3E%3C%2Fsvg%3E\" data-orig-src=\"https:\/\/www.ff-weppersdorf.at\/web\/wp-content\/uploads\/2026\/04\/florianiwandertag_054.jpg\" data-srcset=\"https:\/\/www.ff-weppersdorf.at\/web\/wp-content\/uploads\/2026\/04\/florianiwandertag_054-200x133.jpg 200w, https:\/\/www.ff-weppersdorf.at\/web\/wp-content\/uploads\/2026\/04\/florianiwandertag_054-400x267.jpg 400w, https:\/\/www.ff-weppersdorf.at\/web\/wp-content\/uploads\/2026\/04\/florianiwandertag_054-600x400.jpg 600w, https:\/\/www.ff-weppersdorf.at\/web\/wp-content\/uploads\/2026\/04\/florianiwandertag_054-768x512.jpg 768w, https:\/\/www.ff-weppersdorf.at\/web\/wp-content\/uploads\/2026\/04\/florianiwandertag_054-800x533.jpg 800w, https:\/\/www.ff-weppersdorf.at\/web\/wp-content\/uploads\/2026\/04\/florianiwandertag_054-1200x800.jpg 1200w, https:\/\/www.ff-weppersdorf.at\/web\/wp-content\/uploads\/2026\/04\/florianiwandertag_054-1536x1024.jpg 1536w, https:\/\/www.ff-weppersdorf.at\/web\/wp-content\/uploads\/2026\/04\/florianiwandertag_054.jpg 1800w\" data-sizes=\"auto\" \/><\/a>\n\t\t\t<\/dt><\/dl><dl class='gallery-item'>\n\t\t\t<dt class='gallery-icon portrait'>\n\t\t\t\t<a data-rel=\"iLightbox[postimages]\" data-title=\"florianiwandertag_055\" data-caption=\"\" href='https:\/\/www.ff-weppersdorf.at\/web\/wp-content\/uploads\/2026\/04\/florianiwandertag_055.jpg'><img decoding=\"async\" width=\"64\" height=\"96\" src=\"https:\/\/www.ff-weppersdorf.at\/web\/wp-content\/uploads\/2026\/04\/florianiwandertag_055.jpg\" class=\"attachment-thumbnail size-thumbnail lazyload\" alt=\"\" srcset=\"data:image\/svg+xml,%3Csvg%20xmlns%3D%27http%3A%2F%2Fwww.w3.org%2F2000%2Fsvg%27%20width%3D%27800%27%20height%3D%271200%27%20viewBox%3D%270%200%20800%201200%27%3E%3Crect%20width%3D%27800%27%20height%3D%271200%27%20fill-opacity%3D%220%22%2F%3E%3C%2Fsvg%3E\" data-orig-src=\"https:\/\/www.ff-weppersdorf.at\/web\/wp-content\/uploads\/2026\/04\/florianiwandertag_055.jpg\" data-srcset=\"https:\/\/www.ff-weppersdorf.at\/web\/wp-content\/uploads\/2026\/04\/florianiwandertag_055-200x300.jpg 200w, https:\/\/www.ff-weppersdorf.at\/web\/wp-content\/uploads\/2026\/04\/florianiwandertag_055-400x600.jpg 400w, https:\/\/www.ff-weppersdorf.at\/web\/wp-content\/uploads\/2026\/04\/florianiwandertag_055-600x900.jpg 600w, https:\/\/www.ff-weppersdorf.at\/web\/wp-content\/uploads\/2026\/04\/florianiwandertag_055-768x1152.jpg 768w, https:\/\/www.ff-weppersdorf.at\/web\/wp-content\/uploads\/2026\/04\/florianiwandertag_055.jpg 800w\" data-sizes=\"auto\" \/><\/a>\n\t\t\t<\/dt><\/dl><dl class='gallery-item'>\n\t\t\t<dt class='gallery-icon landscape'>\n\t\t\t\t<a data-rel=\"iLightbox[postimages]\" data-title=\"florianiwandertag_056\" data-caption=\"\" href='https:\/\/www.ff-weppersdorf.at\/web\/wp-content\/uploads\/2026\/04\/florianiwandertag_056.jpg'><img decoding=\"async\" width=\"128\" height=\"85\" src=\"https:\/\/www.ff-weppersdorf.at\/web\/wp-content\/uploads\/2026\/04\/florianiwandertag_056.jpg\" class=\"attachment-thumbnail size-thumbnail lazyload\" alt=\"\" srcset=\"data:image\/svg+xml,%3Csvg%20xmlns%3D%27http%3A%2F%2Fwww.w3.org%2F2000%2Fsvg%27%20width%3D%271800%27%20height%3D%271200%27%20viewBox%3D%270%200%201800%201200%27%3E%3Crect%20width%3D%271800%27%20height%3D%271200%27%20fill-opacity%3D%220%22%2F%3E%3C%2Fsvg%3E\" data-orig-src=\"https:\/\/www.ff-weppersdorf.at\/web\/wp-content\/uploads\/2026\/04\/florianiwandertag_056.jpg\" data-srcset=\"https:\/\/www.ff-weppersdorf.at\/web\/wp-content\/uploads\/2026\/04\/florianiwandertag_056-200x133.jpg 200w, https:\/\/www.ff-weppersdorf.at\/web\/wp-content\/uploads\/2026\/04\/florianiwandertag_056-400x267.jpg 400w, https:\/\/www.ff-weppersdorf.at\/web\/wp-content\/uploads\/2026\/04\/florianiwandertag_056-600x400.jpg 600w, https:\/\/www.ff-weppersdorf.at\/web\/wp-content\/uploads\/2026\/04\/florianiwandertag_056-768x512.jpg 768w, https:\/\/www.ff-weppersdorf.at\/web\/wp-content\/uploads\/2026\/04\/florianiwandertag_056-800x533.jpg 800w, https:\/\/www.ff-weppersdorf.at\/web\/wp-content\/uploads\/2026\/04\/florianiwandertag_056-1200x800.jpg 1200w, https:\/\/www.ff-weppersdorf.at\/web\/wp-content\/uploads\/2026\/04\/florianiwandertag_056-1536x1024.jpg 1536w, https:\/\/www.ff-weppersdorf.at\/web\/wp-content\/uploads\/2026\/04\/florianiwandertag_056.jpg 1800w\" data-sizes=\"auto\" \/><\/a>\n\t\t\t<\/dt><\/dl><dl class='gallery-item'>\n\t\t\t<dt class='gallery-icon landscape'>\n\t\t\t\t<a data-rel=\"iLightbox[postimages]\" data-title=\"florianiwandertag_057\" data-caption=\"\" href='https:\/\/www.ff-weppersdorf.at\/web\/wp-content\/uploads\/2026\/04\/florianiwandertag_057.jpg'><img decoding=\"async\" width=\"128\" height=\"85\" src=\"https:\/\/www.ff-weppersdorf.at\/web\/wp-content\/uploads\/2026\/04\/florianiwandertag_057.jpg\" class=\"attachment-thumbnail size-thumbnail lazyload\" alt=\"\" srcset=\"data:image\/svg+xml,%3Csvg%20xmlns%3D%27http%3A%2F%2Fwww.w3.org%2F2000%2Fsvg%27%20width%3D%271800%27%20height%3D%271200%27%20viewBox%3D%270%200%201800%201200%27%3E%3Crect%20width%3D%271800%27%20height%3D%271200%27%20fill-opacity%3D%220%22%2F%3E%3C%2Fsvg%3E\" data-orig-src=\"https:\/\/www.ff-weppersdorf.at\/web\/wp-content\/uploads\/2026\/04\/florianiwandertag_057.jpg\" data-srcset=\"https:\/\/www.ff-weppersdorf.at\/web\/wp-content\/uploads\/2026\/04\/florianiwandertag_057-200x133.jpg 200w, https:\/\/www.ff-weppersdorf.at\/web\/wp-content\/uploads\/2026\/04\/florianiwandertag_057-400x267.jpg 400w, https:\/\/www.ff-weppersdorf.at\/web\/wp-content\/uploads\/2026\/04\/florianiwandertag_057-600x400.jpg 600w, https:\/\/www.ff-weppersdorf.at\/web\/wp-content\/uploads\/2026\/04\/florianiwandertag_057-768x512.jpg 768w, https:\/\/www.ff-weppersdorf.at\/web\/wp-content\/uploads\/2026\/04\/florianiwandertag_057-800x533.jpg 800w, https:\/\/www.ff-weppersdorf.at\/web\/wp-content\/uploads\/2026\/04\/florianiwandertag_057-1200x800.jpg 1200w, https:\/\/www.ff-weppersdorf.at\/web\/wp-content\/uploads\/2026\/04\/florianiwandertag_057-1536x1024.jpg 1536w, https:\/\/www.ff-weppersdorf.at\/web\/wp-content\/uploads\/2026\/04\/florianiwandertag_057.jpg 1800w\" data-sizes=\"auto\" \/><\/a>\n\t\t\t<\/dt><\/dl><br style=\"clear: both\" \/><dl class='gallery-item'>\n\t\t\t<dt class='gallery-icon landscape'>\n\t\t\t\t<a data-rel=\"iLightbox[postimages]\" data-title=\"florianiwandertag_058\" data-caption=\"\" href='https:\/\/www.ff-weppersdorf.at\/web\/wp-content\/uploads\/2026\/04\/florianiwandertag_058.jpg'><img decoding=\"async\" width=\"128\" height=\"85\" src=\"https:\/\/www.ff-weppersdorf.at\/web\/wp-content\/uploads\/2026\/04\/florianiwandertag_058.jpg\" class=\"attachment-thumbnail size-thumbnail lazyload\" alt=\"\" srcset=\"data:image\/svg+xml,%3Csvg%20xmlns%3D%27http%3A%2F%2Fwww.w3.org%2F2000%2Fsvg%27%20width%3D%271800%27%20height%3D%271200%27%20viewBox%3D%270%200%201800%201200%27%3E%3Crect%20width%3D%271800%27%20height%3D%271200%27%20fill-opacity%3D%220%22%2F%3E%3C%2Fsvg%3E\" data-orig-src=\"https:\/\/www.ff-weppersdorf.at\/web\/wp-content\/uploads\/2026\/04\/florianiwandertag_058.jpg\" data-srcset=\"https:\/\/www.ff-weppersdorf.at\/web\/wp-content\/uploads\/2026\/04\/florianiwandertag_058-200x133.jpg 200w, https:\/\/www.ff-weppersdorf.at\/web\/wp-content\/uploads\/2026\/04\/florianiwandertag_058-400x267.jpg 400w, https:\/\/www.ff-weppersdorf.at\/web\/wp-content\/uploads\/2026\/04\/florianiwandertag_058-600x400.jpg 600w, https:\/\/www.ff-weppersdorf.at\/web\/wp-content\/uploads\/2026\/04\/florianiwandertag_058-768x512.jpg 768w, https:\/\/www.ff-weppersdorf.at\/web\/wp-content\/uploads\/2026\/04\/florianiwandertag_058-800x533.jpg 800w, https:\/\/www.ff-weppersdorf.at\/web\/wp-content\/uploads\/2026\/04\/florianiwandertag_058-1200x800.jpg 1200w, https:\/\/www.ff-weppersdorf.at\/web\/wp-content\/uploads\/2026\/04\/florianiwandertag_058-1536x1024.jpg 1536w, https:\/\/www.ff-weppersdorf.at\/web\/wp-content\/uploads\/2026\/04\/florianiwandertag_058.jpg 1800w\" data-sizes=\"auto\" \/><\/a>\n\t\t\t<\/dt><\/dl><dl class='gallery-item'>\n\t\t\t<dt class='gallery-icon landscape'>\n\t\t\t\t<a data-rel=\"iLightbox[postimages]\" data-title=\"florianiwandertag_059\" data-caption=\"\" href='https:\/\/www.ff-weppersdorf.at\/web\/wp-content\/uploads\/2026\/04\/florianiwandertag_059.jpg'><img decoding=\"async\" width=\"128\" height=\"85\" src=\"https:\/\/www.ff-weppersdorf.at\/web\/wp-content\/uploads\/2026\/04\/florianiwandertag_059.jpg\" class=\"attachment-thumbnail size-thumbnail lazyload\" alt=\"\" srcset=\"data:image\/svg+xml,%3Csvg%20xmlns%3D%27http%3A%2F%2Fwww.w3.org%2F2000%2Fsvg%27%20width%3D%271800%27%20height%3D%271200%27%20viewBox%3D%270%200%201800%201200%27%3E%3Crect%20width%3D%271800%27%20height%3D%271200%27%20fill-opacity%3D%220%22%2F%3E%3C%2Fsvg%3E\" data-orig-src=\"https:\/\/www.ff-weppersdorf.at\/web\/wp-content\/uploads\/2026\/04\/florianiwandertag_059.jpg\" data-srcset=\"https:\/\/www.ff-weppersdorf.at\/web\/wp-content\/uploads\/2026\/04\/florianiwandertag_059-200x133.jpg 200w, https:\/\/www.ff-weppersdorf.at\/web\/wp-content\/uploads\/2026\/04\/florianiwandertag_059-400x267.jpg 400w, https:\/\/www.ff-weppersdorf.at\/web\/wp-content\/uploads\/2026\/04\/florianiwandertag_059-600x400.jpg 600w, https:\/\/www.ff-weppersdorf.at\/web\/wp-content\/uploads\/2026\/04\/florianiwandertag_059-768x512.jpg 768w, https:\/\/www.ff-weppersdorf.at\/web\/wp-content\/uploads\/2026\/04\/florianiwandertag_059-800x533.jpg 800w, https:\/\/www.ff-weppersdorf.at\/web\/wp-content\/uploads\/2026\/04\/florianiwandertag_059-1200x800.jpg 1200w, https:\/\/www.ff-weppersdorf.at\/web\/wp-content\/uploads\/2026\/04\/florianiwandertag_059-1536x1024.jpg 1536w, https:\/\/www.ff-weppersdorf.at\/web\/wp-content\/uploads\/2026\/04\/florianiwandertag_059.jpg 1800w\" data-sizes=\"auto\" \/><\/a>\n\t\t\t<\/dt><\/dl><dl class='gallery-item'>\n\t\t\t<dt class='gallery-icon landscape'>\n\t\t\t\t<a data-rel=\"iLightbox[postimages]\" data-title=\"florianiwandertag_060\" data-caption=\"\" href='https:\/\/www.ff-weppersdorf.at\/web\/wp-content\/uploads\/2026\/04\/florianiwandertag_060.jpg'><img decoding=\"async\" width=\"128\" height=\"85\" src=\"https:\/\/www.ff-weppersdorf.at\/web\/wp-content\/uploads\/2026\/04\/florianiwandertag_060.jpg\" class=\"attachment-thumbnail size-thumbnail lazyload\" alt=\"\" srcset=\"data:image\/svg+xml,%3Csvg%20xmlns%3D%27http%3A%2F%2Fwww.w3.org%2F2000%2Fsvg%27%20width%3D%271800%27%20height%3D%271200%27%20viewBox%3D%270%200%201800%201200%27%3E%3Crect%20width%3D%271800%27%20height%3D%271200%27%20fill-opacity%3D%220%22%2F%3E%3C%2Fsvg%3E\" data-orig-src=\"https:\/\/www.ff-weppersdorf.at\/web\/wp-content\/uploads\/2026\/04\/florianiwandertag_060.jpg\" data-srcset=\"https:\/\/www.ff-weppersdorf.at\/web\/wp-content\/uploads\/2026\/04\/florianiwandertag_060-200x133.jpg 200w, https:\/\/www.ff-weppersdorf.at\/web\/wp-content\/uploads\/2026\/04\/florianiwandertag_060-400x267.jpg 400w, https:\/\/www.ff-weppersdorf.at\/web\/wp-content\/uploads\/2026\/04\/florianiwandertag_060-600x400.jpg 600w, https:\/\/www.ff-weppersdorf.at\/web\/wp-content\/uploads\/2026\/04\/florianiwandertag_060-768x512.jpg 768w, https:\/\/www.ff-weppersdorf.at\/web\/wp-content\/uploads\/2026\/04\/florianiwandertag_060-800x533.jpg 800w, https:\/\/www.ff-weppersdorf.at\/web\/wp-content\/uploads\/2026\/04\/florianiwandertag_060-1200x800.jpg 1200w, https:\/\/www.ff-weppersdorf.at\/web\/wp-content\/uploads\/2026\/04\/florianiwandertag_060-1536x1024.jpg 1536w, https:\/\/www.ff-weppersdorf.at\/web\/wp-content\/uploads\/2026\/04\/florianiwandertag_060.jpg 1800w\" data-sizes=\"auto\" \/><\/a>\n\t\t\t<\/dt><\/dl><dl class='gallery-item'>\n\t\t\t<dt class='gallery-icon landscape'>\n\t\t\t\t<a data-rel=\"iLightbox[postimages]\" data-title=\"florianiwandertag_061\" data-caption=\"\" href='https:\/\/www.ff-weppersdorf.at\/web\/wp-content\/uploads\/2026\/04\/florianiwandertag_061.jpg'><img decoding=\"async\" width=\"128\" height=\"85\" src=\"https:\/\/www.ff-weppersdorf.at\/web\/wp-content\/uploads\/2026\/04\/florianiwandertag_061.jpg\" class=\"attachment-thumbnail size-thumbnail lazyload\" alt=\"\" srcset=\"data:image\/svg+xml,%3Csvg%20xmlns%3D%27http%3A%2F%2Fwww.w3.org%2F2000%2Fsvg%27%20width%3D%271800%27%20height%3D%271200%27%20viewBox%3D%270%200%201800%201200%27%3E%3Crect%20width%3D%271800%27%20height%3D%271200%27%20fill-opacity%3D%220%22%2F%3E%3C%2Fsvg%3E\" data-orig-src=\"https:\/\/www.ff-weppersdorf.at\/web\/wp-content\/uploads\/2026\/04\/florianiwandertag_061.jpg\" data-srcset=\"https:\/\/www.ff-weppersdorf.at\/web\/wp-content\/uploads\/2026\/04\/florianiwandertag_061-200x133.jpg 200w, https:\/\/www.ff-weppersdorf.at\/web\/wp-content\/uploads\/2026\/04\/florianiwandertag_061-400x267.jpg 400w, https:\/\/www.ff-weppersdorf.at\/web\/wp-content\/uploads\/2026\/04\/florianiwandertag_061-600x400.jpg 600w, https:\/\/www.ff-weppersdorf.at\/web\/wp-content\/uploads\/2026\/04\/florianiwandertag_061-768x512.jpg 768w, https:\/\/www.ff-weppersdorf.at\/web\/wp-content\/uploads\/2026\/04\/florianiwandertag_061-800x533.jpg 800w, https:\/\/www.ff-weppersdorf.at\/web\/wp-content\/uploads\/2026\/04\/florianiwandertag_061-1200x800.jpg 1200w, https:\/\/www.ff-weppersdorf.at\/web\/wp-content\/uploads\/2026\/04\/florianiwandertag_061-1536x1024.jpg 1536w, https:\/\/www.ff-weppersdorf.at\/web\/wp-content\/uploads\/2026\/04\/florianiwandertag_061.jpg 1800w\" data-sizes=\"auto\" \/><\/a>\n\t\t\t<\/dt><\/dl><br style=\"clear: both\" \/><dl class='gallery-item'>\n\t\t\t<dt class='gallery-icon landscape'>\n\t\t\t\t<a data-rel=\"iLightbox[postimages]\" data-title=\"florianiwandertag_062\" data-caption=\"\" href='https:\/\/www.ff-weppersdorf.at\/web\/wp-content\/uploads\/2026\/04\/florianiwandertag_062.jpg'><img decoding=\"async\" width=\"128\" height=\"85\" src=\"https:\/\/www.ff-weppersdorf.at\/web\/wp-content\/uploads\/2026\/04\/florianiwandertag_062.jpg\" class=\"attachment-thumbnail size-thumbnail lazyload\" alt=\"\" srcset=\"data:image\/svg+xml,%3Csvg%20xmlns%3D%27http%3A%2F%2Fwww.w3.org%2F2000%2Fsvg%27%20width%3D%271800%27%20height%3D%271200%27%20viewBox%3D%270%200%201800%201200%27%3E%3Crect%20width%3D%271800%27%20height%3D%271200%27%20fill-opacity%3D%220%22%2F%3E%3C%2Fsvg%3E\" data-orig-src=\"https:\/\/www.ff-weppersdorf.at\/web\/wp-content\/uploads\/2026\/04\/florianiwandertag_062.jpg\" data-srcset=\"https:\/\/www.ff-weppersdorf.at\/web\/wp-content\/uploads\/2026\/04\/florianiwandertag_062-200x133.jpg 200w, https:\/\/www.ff-weppersdorf.at\/web\/wp-content\/uploads\/2026\/04\/florianiwandertag_062-400x267.jpg 400w, https:\/\/www.ff-weppersdorf.at\/web\/wp-content\/uploads\/2026\/04\/florianiwandertag_062-600x400.jpg 600w, https:\/\/www.ff-weppersdorf.at\/web\/wp-content\/uploads\/2026\/04\/florianiwandertag_062-768x512.jpg 768w, https:\/\/www.ff-weppersdorf.at\/web\/wp-content\/uploads\/2026\/04\/florianiwandertag_062-800x533.jpg 800w, https:\/\/www.ff-weppersdorf.at\/web\/wp-content\/uploads\/2026\/04\/florianiwandertag_062-1200x800.jpg 1200w, https:\/\/www.ff-weppersdorf.at\/web\/wp-content\/uploads\/2026\/04\/florianiwandertag_062-1536x1024.jpg 1536w, https:\/\/www.ff-weppersdorf.at\/web\/wp-content\/uploads\/2026\/04\/florianiwandertag_062.jpg 1800w\" data-sizes=\"auto\" \/><\/a>\n\t\t\t<\/dt><\/dl><dl class='gallery-item'>\n\t\t\t<dt class='gallery-icon landscape'>\n\t\t\t\t<a data-rel=\"iLightbox[postimages]\" data-title=\"florianiwandertag_063\" data-caption=\"\" href='https:\/\/www.ff-weppersdorf.at\/web\/wp-content\/uploads\/2026\/04\/florianiwandertag_063.jpg'><img decoding=\"async\" width=\"128\" height=\"85\" src=\"https:\/\/www.ff-weppersdorf.at\/web\/wp-content\/uploads\/2026\/04\/florianiwandertag_063.jpg\" class=\"attachment-thumbnail size-thumbnail lazyload\" alt=\"\" srcset=\"data:image\/svg+xml,%3Csvg%20xmlns%3D%27http%3A%2F%2Fwww.w3.org%2F2000%2Fsvg%27%20width%3D%271800%27%20height%3D%271200%27%20viewBox%3D%270%200%201800%201200%27%3E%3Crect%20width%3D%271800%27%20height%3D%271200%27%20fill-opacity%3D%220%22%2F%3E%3C%2Fsvg%3E\" data-orig-src=\"https:\/\/www.ff-weppersdorf.at\/web\/wp-content\/uploads\/2026\/04\/florianiwandertag_063.jpg\" data-srcset=\"https:\/\/www.ff-weppersdorf.at\/web\/wp-content\/uploads\/2026\/04\/florianiwandertag_063-200x133.jpg 200w, https:\/\/www.ff-weppersdorf.at\/web\/wp-content\/uploads\/2026\/04\/florianiwandertag_063-400x267.jpg 400w, https:\/\/www.ff-weppersdorf.at\/web\/wp-content\/uploads\/2026\/04\/florianiwandertag_063-600x400.jpg 600w, https:\/\/www.ff-weppersdorf.at\/web\/wp-content\/uploads\/2026\/04\/florianiwandertag_063-768x512.jpg 768w, https:\/\/www.ff-weppersdorf.at\/web\/wp-content\/uploads\/2026\/04\/florianiwandertag_063-800x533.jpg 800w, https:\/\/www.ff-weppersdorf.at\/web\/wp-content\/uploads\/2026\/04\/florianiwandertag_063-1200x800.jpg 1200w, https:\/\/www.ff-weppersdorf.at\/web\/wp-content\/uploads\/2026\/04\/florianiwandertag_063-1536x1024.jpg 1536w, https:\/\/www.ff-weppersdorf.at\/web\/wp-content\/uploads\/2026\/04\/florianiwandertag_063.jpg 1800w\" data-sizes=\"auto\" \/><\/a>\n\t\t\t<\/dt><\/dl>\n\t\t\t<br style='clear: both' \/>\n\t\t<\/div>\n\n<\/div><div class=\"fusion-sep-clear\"><\/div><div class=\"fusion-separator fusion-full-width-sep\" style=\"margin-left: auto;margin-right: auto;width:100%;\"><\/div><div class=\"fusion-sep-clear\"><\/div><div class=\"fusion-clearfix\"><\/div><\/div><\/div><\/div><\/div>\n","protected":false},"excerpt":{"rendered":"","protected":false},"author":2,"featured_media":10165,"comment_status":"closed","ping_status":"open","sticky":false,"template":"","format":"gallery","meta":{"footnotes":""},"categories":[5,6],"tags":[],"class_list":["post-10164","post","type-post","status-publish","format-gallery","has-post-thumbnail","hentry","category-aktuell","category-veranstaltungen","post_format-post-format-gallery"],"yoast_head":"<!-- This site is optimized with the Yoast SEO plugin v27.4 - https:\/\/yoast.com\/product\/yoast-seo-wordpress\/ -->\n<title>Rund 1.000 Wanderlustige beim Florianiwandertag - Freiwillige Feuerwehr Weppersdorf<\/title>\n<meta name=\"robots\" content=\"index, follow, max-snippet:-1, max-image-preview:large, max-video-preview:-1\" \/>\n<link rel=\"canonical\" href=\"https:\/\/www.ff-weppersdorf.at\/web\/20260426_florianiwandertag-in-weppersdorf\/\" \/>\n<meta property=\"og:locale\" content=\"de_DE\" \/>\n<meta property=\"og:type\" content=\"article\" \/>\n<meta property=\"og:title\" content=\"Rund 1.000 Wanderlustige beim Florianiwandertag - Freiwillige Feuerwehr Weppersdorf\" \/>\n<meta property=\"og:url\" content=\"https:\/\/www.ff-weppersdorf.at\/web\/20260426_florianiwandertag-in-weppersdorf\/\" \/>\n<meta property=\"og:site_name\" content=\"Freiwillige Feuerwehr Weppersdorf\" \/>\n<meta property=\"article:published_time\" content=\"2026-04-26T20:44:32+00:00\" \/>\n<meta property=\"article:modified_time\" content=\"2026-04-27T20:45:32+00:00\" \/>\n<meta property=\"og:image\" content=\"https:\/\/www.ff-weppersdorf.at\/web\/wp-content\/uploads\/2026\/04\/florianiwandertag_000.jpg\" \/>\n\t<meta property=\"og:image:width\" content=\"1800\" \/>\n\t<meta property=\"og:image:height\" content=\"1200\" \/>\n\t<meta property=\"og:image:type\" content=\"image\/jpeg\" \/>\n<meta name=\"author\" content=\"Jacob Schumann\" \/>\n<meta name=\"twitter:label1\" content=\"Verfasst von\" \/>\n\t<meta name=\"twitter:data1\" content=\"Jacob Schumann\" \/>\n\t<meta name=\"twitter:label2\" content=\"Gesch\u00e4tzte Lesezeit\" \/>\n\t<meta name=\"twitter:data2\" content=\"15\u00a0Minuten\" \/>\n<script type=\"application\/ld+json\" class=\"yoast-schema-graph\">{\"@context\":\"https:\\\/\\\/schema.org\",\"@graph\":[{\"@type\":\"Article\",\"@id\":\"https:\\\/\\\/www.ff-weppersdorf.at\\\/web\\\/20260426_florianiwandertag-in-weppersdorf\\\/#article\",\"isPartOf\":{\"@id\":\"https:\\\/\\\/www.ff-weppersdorf.at\\\/web\\\/20260426_florianiwandertag-in-weppersdorf\\\/\"},\"author\":{\"name\":\"Jacob Schumann\",\"@id\":\"https:\\\/\\\/www.ff-weppersdorf.at\\\/web\\\/#\\\/schema\\\/person\\\/2580e5c26fdcda22b03944caeac2b379\"},\"headline\":\"Rund 1.000 Wanderlustige beim Florianiwandertag\",\"datePublished\":\"2026-04-26T20:44:32+00:00\",\"dateModified\":\"2026-04-27T20:45:32+00:00\",\"mainEntityOfPage\":{\"@id\":\"https:\\\/\\\/www.ff-weppersdorf.at\\\/web\\\/20260426_florianiwandertag-in-weppersdorf\\\/\"},\"wordCount\":819,\"image\":{\"@id\":\"https:\\\/\\\/www.ff-weppersdorf.at\\\/web\\\/20260426_florianiwandertag-in-weppersdorf\\\/#primaryimage\"},\"thumbnailUrl\":\"https:\\\/\\\/www.ff-weppersdorf.at\\\/web\\\/wp-content\\\/uploads\\\/2026\\\/04\\\/florianiwandertag_000.jpg\",\"articleSection\":[\"Aktuell\",\"Veranstaltungen\"],\"inLanguage\":\"de\"},{\"@type\":\"WebPage\",\"@id\":\"https:\\\/\\\/www.ff-weppersdorf.at\\\/web\\\/20260426_florianiwandertag-in-weppersdorf\\\/\",\"url\":\"https:\\\/\\\/www.ff-weppersdorf.at\\\/web\\\/20260426_florianiwandertag-in-weppersdorf\\\/\",\"name\":\"Rund 1.000 Wanderlustige beim Florianiwandertag - Freiwillige Feuerwehr Weppersdorf\",\"isPartOf\":{\"@id\":\"https:\\\/\\\/www.ff-weppersdorf.at\\\/web\\\/#website\"},\"primaryImageOfPage\":{\"@id\":\"https:\\\/\\\/www.ff-weppersdorf.at\\\/web\\\/20260426_florianiwandertag-in-weppersdorf\\\/#primaryimage\"},\"image\":{\"@id\":\"https:\\\/\\\/www.ff-weppersdorf.at\\\/web\\\/20260426_florianiwandertag-in-weppersdorf\\\/#primaryimage\"},\"thumbnailUrl\":\"https:\\\/\\\/www.ff-weppersdorf.at\\\/web\\\/wp-content\\\/uploads\\\/2026\\\/04\\\/florianiwandertag_000.jpg\",\"datePublished\":\"2026-04-26T20:44:32+00:00\",\"dateModified\":\"2026-04-27T20:45:32+00:00\",\"author\":{\"@id\":\"https:\\\/\\\/www.ff-weppersdorf.at\\\/web\\\/#\\\/schema\\\/person\\\/2580e5c26fdcda22b03944caeac2b379\"},\"breadcrumb\":{\"@id\":\"https:\\\/\\\/www.ff-weppersdorf.at\\\/web\\\/20260426_florianiwandertag-in-weppersdorf\\\/#breadcrumb\"},\"inLanguage\":\"de\",\"potentialAction\":[{\"@type\":\"ReadAction\",\"target\":[\"https:\\\/\\\/www.ff-weppersdorf.at\\\/web\\\/20260426_florianiwandertag-in-weppersdorf\\\/\"]}]},{\"@type\":\"ImageObject\",\"inLanguage\":\"de\",\"@id\":\"https:\\\/\\\/www.ff-weppersdorf.at\\\/web\\\/20260426_florianiwandertag-in-weppersdorf\\\/#primaryimage\",\"url\":\"https:\\\/\\\/www.ff-weppersdorf.at\\\/web\\\/wp-content\\\/uploads\\\/2026\\\/04\\\/florianiwandertag_000.jpg\",\"contentUrl\":\"https:\\\/\\\/www.ff-weppersdorf.at\\\/web\\\/wp-content\\\/uploads\\\/2026\\\/04\\\/florianiwandertag_000.jpg\",\"width\":1800,\"height\":1200},{\"@type\":\"BreadcrumbList\",\"@id\":\"https:\\\/\\\/www.ff-weppersdorf.at\\\/web\\\/20260426_florianiwandertag-in-weppersdorf\\\/#breadcrumb\",\"itemListElement\":[{\"@type\":\"ListItem\",\"position\":1,\"name\":\"Startseite\",\"item\":\"https:\\\/\\\/www.ff-weppersdorf.at\\\/web\\\/\"},{\"@type\":\"ListItem\",\"position\":2,\"name\":\"Rund 1.000 Wanderlustige beim Florianiwandertag\"}]},{\"@type\":\"WebSite\",\"@id\":\"https:\\\/\\\/www.ff-weppersdorf.at\\\/web\\\/#website\",\"url\":\"https:\\\/\\\/www.ff-weppersdorf.at\\\/web\\\/\",\"name\":\"Freiwillige Feuerwehr Weppersdorf\",\"description\":\"\",\"potentialAction\":[{\"@type\":\"SearchAction\",\"target\":{\"@type\":\"EntryPoint\",\"urlTemplate\":\"https:\\\/\\\/www.ff-weppersdorf.at\\\/web\\\/?s={search_term_string}\"},\"query-input\":{\"@type\":\"PropertyValueSpecification\",\"valueRequired\":true,\"valueName\":\"search_term_string\"}}],\"inLanguage\":\"de\"},{\"@type\":\"Person\",\"@id\":\"https:\\\/\\\/www.ff-weppersdorf.at\\\/web\\\/#\\\/schema\\\/person\\\/2580e5c26fdcda22b03944caeac2b379\",\"name\":\"Jacob Schumann\",\"image\":{\"@type\":\"ImageObject\",\"inLanguage\":\"de\",\"@id\":\"https:\\\/\\\/secure.gravatar.com\\\/avatar\\\/ccaedcfa723205f94f72eb0bd89f8aa426db1f79d3055677333d65c78074d459?s=96&d=mm&r=g\",\"url\":\"https:\\\/\\\/secure.gravatar.com\\\/avatar\\\/ccaedcfa723205f94f72eb0bd89f8aa426db1f79d3055677333d65c78074d459?s=96&d=mm&r=g\",\"contentUrl\":\"https:\\\/\\\/secure.gravatar.com\\\/avatar\\\/ccaedcfa723205f94f72eb0bd89f8aa426db1f79d3055677333d65c78074d459?s=96&d=mm&r=g\",\"caption\":\"Jacob Schumann\"},\"url\":\"https:\\\/\\\/www.ff-weppersdorf.at\\\/web\\\/author\\\/jacob\\\/\"}]}<\/script>\n<!-- \/ Yoast SEO plugin. -->","yoast_head_json":{"title":"Rund 1.000 Wanderlustige beim Florianiwandertag - Freiwillige Feuerwehr Weppersdorf","robots":{"index":"index","follow":"follow","max-snippet":"max-snippet:-1","max-image-preview":"max-image-preview:large","max-video-preview":"max-video-preview:-1"},"canonical":"https:\/\/www.ff-weppersdorf.at\/web\/20260426_florianiwandertag-in-weppersdorf\/","og_locale":"de_DE","og_type":"article","og_title":"Rund 1.000 Wanderlustige beim Florianiwandertag - Freiwillige Feuerwehr Weppersdorf","og_url":"https:\/\/www.ff-weppersdorf.at\/web\/20260426_florianiwandertag-in-weppersdorf\/","og_site_name":"Freiwillige Feuerwehr Weppersdorf","article_published_time":"2026-04-26T20:44:32+00:00","article_modified_time":"2026-04-27T20:45:32+00:00","og_image":[{"width":1800,"height":1200,"url":"https:\/\/www.ff-weppersdorf.at\/web\/wp-content\/uploads\/2026\/04\/florianiwandertag_000.jpg","type":"image\/jpeg"}],"author":"Jacob Schumann","twitter_misc":{"Verfasst von":"Jacob Schumann","Gesch\u00e4tzte Lesezeit":"15\u00a0Minuten"},"schema":{"@context":"https:\/\/schema.org","@graph":[{"@type":"Article","@id":"https:\/\/www.ff-weppersdorf.at\/web\/20260426_florianiwandertag-in-weppersdorf\/#article","isPartOf":{"@id":"https:\/\/www.ff-weppersdorf.at\/web\/20260426_florianiwandertag-in-weppersdorf\/"},"author":{"name":"Jacob Schumann","@id":"https:\/\/www.ff-weppersdorf.at\/web\/#\/schema\/person\/2580e5c26fdcda22b03944caeac2b379"},"headline":"Rund 1.000 Wanderlustige beim Florianiwandertag","datePublished":"2026-04-26T20:44:32+00:00","dateModified":"2026-04-27T20:45:32+00:00","mainEntityOfPage":{"@id":"https:\/\/www.ff-weppersdorf.at\/web\/20260426_florianiwandertag-in-weppersdorf\/"},"wordCount":819,"image":{"@id":"https:\/\/www.ff-weppersdorf.at\/web\/20260426_florianiwandertag-in-weppersdorf\/#primaryimage"},"thumbnailUrl":"https:\/\/www.ff-weppersdorf.at\/web\/wp-content\/uploads\/2026\/04\/florianiwandertag_000.jpg","articleSection":["Aktuell","Veranstaltungen"],"inLanguage":"de"},{"@type":"WebPage","@id":"https:\/\/www.ff-weppersdorf.at\/web\/20260426_florianiwandertag-in-weppersdorf\/","url":"https:\/\/www.ff-weppersdorf.at\/web\/20260426_florianiwandertag-in-weppersdorf\/","name":"Rund 1.000 Wanderlustige beim Florianiwandertag - Freiwillige Feuerwehr Weppersdorf","isPartOf":{"@id":"https:\/\/www.ff-weppersdorf.at\/web\/#website"},"primaryImageOfPage":{"@id":"https:\/\/www.ff-weppersdorf.at\/web\/20260426_florianiwandertag-in-weppersdorf\/#primaryimage"},"image":{"@id":"https:\/\/www.ff-weppersdorf.at\/web\/20260426_florianiwandertag-in-weppersdorf\/#primaryimage"},"thumbnailUrl":"https:\/\/www.ff-weppersdorf.at\/web\/wp-content\/uploads\/2026\/04\/florianiwandertag_000.jpg","datePublished":"2026-04-26T20:44:32+00:00","dateModified":"2026-04-27T20:45:32+00:00","author":{"@id":"https:\/\/www.ff-weppersdorf.at\/web\/#\/schema\/person\/2580e5c26fdcda22b03944caeac2b379"},"breadcrumb":{"@id":"https:\/\/www.ff-weppersdorf.at\/web\/20260426_florianiwandertag-in-weppersdorf\/#breadcrumb"},"inLanguage":"de","potentialAction":[{"@type":"ReadAction","target":["https:\/\/www.ff-weppersdorf.at\/web\/20260426_florianiwandertag-in-weppersdorf\/"]}]},{"@type":"ImageObject","inLanguage":"de","@id":"https:\/\/www.ff-weppersdorf.at\/web\/20260426_florianiwandertag-in-weppersdorf\/#primaryimage","url":"https:\/\/www.ff-weppersdorf.at\/web\/wp-content\/uploads\/2026\/04\/florianiwandertag_000.jpg","contentUrl":"https:\/\/www.ff-weppersdorf.at\/web\/wp-content\/uploads\/2026\/04\/florianiwandertag_000.jpg","width":1800,"height":1200},{"@type":"BreadcrumbList","@id":"https:\/\/www.ff-weppersdorf.at\/web\/20260426_florianiwandertag-in-weppersdorf\/#breadcrumb","itemListElement":[{"@type":"ListItem","position":1,"name":"Startseite","item":"https:\/\/www.ff-weppersdorf.at\/web\/"},{"@type":"ListItem","position":2,"name":"Rund 1.000 Wanderlustige beim Florianiwandertag"}]},{"@type":"WebSite","@id":"https:\/\/www.ff-weppersdorf.at\/web\/#website","url":"https:\/\/www.ff-weppersdorf.at\/web\/","name":"Freiwillige Feuerwehr Weppersdorf","description":"","potentialAction":[{"@type":"SearchAction","target":{"@type":"EntryPoint","urlTemplate":"https:\/\/www.ff-weppersdorf.at\/web\/?s={search_term_string}"},"query-input":{"@type":"PropertyValueSpecification","valueRequired":true,"valueName":"search_term_string"}}],"inLanguage":"de"},{"@type":"Person","@id":"https:\/\/www.ff-weppersdorf.at\/web\/#\/schema\/person\/2580e5c26fdcda22b03944caeac2b379","name":"Jacob Schumann","image":{"@type":"ImageObject","inLanguage":"de","@id":"https:\/\/secure.gravatar.com\/avatar\/ccaedcfa723205f94f72eb0bd89f8aa426db1f79d3055677333d65c78074d459?s=96&d=mm&r=g","url":"https:\/\/secure.gravatar.com\/avatar\/ccaedcfa723205f94f72eb0bd89f8aa426db1f79d3055677333d65c78074d459?s=96&d=mm&r=g","contentUrl":"https:\/\/secure.gravatar.com\/avatar\/ccaedcfa723205f94f72eb0bd89f8aa426db1f79d3055677333d65c78074d459?s=96&d=mm&r=g","caption":"Jacob Schumann"},"url":"https:\/\/www.ff-weppersdorf.at\/web\/author\/jacob\/"}]}},"_links":{"self":[{"href":"https:\/\/www.ff-weppersdorf.at\/web\/wp-json\/wp\/v2\/posts\/10164","targetHints":{"allow":["GET"]}}],"collection":[{"href":"https:\/\/www.ff-weppersdorf.at\/web\/wp-json\/wp\/v2\/posts"}],"about":[{"href":"https:\/\/www.ff-weppersdorf.at\/web\/wp-json\/wp\/v2\/types\/post"}],"author":[{"embeddable":true,"href":"https:\/\/www.ff-weppersdorf.at\/web\/wp-json\/wp\/v2\/users\/2"}],"replies":[{"embeddable":true,"href":"https:\/\/www.ff-weppersdorf.at\/web\/wp-json\/wp\/v2\/comments?post=10164"}],"version-history":[{"count":1,"href":"https:\/\/www.ff-weppersdorf.at\/web\/wp-json\/wp\/v2\/posts\/10164\/revisions"}],"predecessor-version":[{"id":10228,"href":"https:\/\/www.ff-weppersdorf.at\/web\/wp-json\/wp\/v2\/posts\/10164\/revisions\/10228"}],"wp:featuredmedia":[{"embeddable":true,"href":"https:\/\/www.ff-weppersdorf.at\/web\/wp-json\/wp\/v2\/media\/10165"}],"wp:attachment":[{"href":"https:\/\/www.ff-weppersdorf.at\/web\/wp-json\/wp\/v2\/media?parent=10164"}],"wp:term":[{"taxonomy":"category","embeddable":true,"href":"https:\/\/www.ff-weppersdorf.at\/web\/wp-json\/wp\/v2\/categories?post=10164"},{"taxonomy":"post_tag","embeddable":true,"href":"https:\/\/www.ff-weppersdorf.at\/web\/wp-json\/wp\/v2\/tags?post=10164"}],"curies":[{"name":"wp","href":"https:\/\/api.w.org\/{rel}","templated":true}]}}